{"id":81716,"date":"2023-08-19T21:15:34","date_gmt":"2023-08-20T00:15:34","guid":{"rendered":"https:\/\/corrientesdetarde.com\/?p=81716"},"modified":"2023-08-19T21:15:50","modified_gmt":"2023-08-20T00:15:50","slug":"nuevo-recorrido-de-las-ferias-de-laciudad-por-distintas-plazas-y-parques-2","status":"publish","type":"post","link":"https:\/\/corrientesdetarde.com\/index.php\/actualidad\/nuevo-recorrido-de-las-ferias-de-laciudad-por-distintas-plazas-y-parques-2\/","title":{"rendered":"Nuevo recorrido de las Ferias de la Ciudad por distintas plazas y parques"},"content":{"rendered":"\n<p><em>La Municipalidad diagram\u00f3 un nuevo cronograma de ferias, del martes 22 al domingo 27 de agosto, en distintos espacios p\u00fablicos de la ciudad. Los vecinos podr\u00e1n conseguir productos de calidad, a precios convenientes, al igual que combos saludables de verduras y frutas.<\/em><\/p>\n\n\n\n<figure class=\"wp-block-image size-full\"><img loading=\"lazy\" decoding=\"async\" width=\"834\" height=\"553\" src=\"https:\/\/corrientesdetarde.com\/wp-content\/uploads\/2023\/08\/Captura-de-pantalla-2023-08-19-210921.png\" alt=\"\" class=\"wp-image-81719\" srcset=\"https:\/\/corrientesdetarde.com\/wp-content\/uploads\/2023\/08\/Captura-de-pantalla-2023-08-19-210921.png 834w, https:\/\/corrientesdetarde.com\/wp-content\/uploads\/2023\/08\/Captura-de-pantalla-2023-08-19-210921-300x199.png 300w, https:\/\/corrientesdetarde.com\/wp-content\/uploads\/2023\/08\/Captura-de-pantalla-2023-08-19-210921-768x509.png 768w\" sizes=\"auto, (max-width: 834px) 100vw, 834px\" \/><\/figure>\n\n\n\n<p>Las Ferias de la Ciudad, entre el martes 22 y el domingo 27 de agosto, recorrer\u00e1n distintos barrios llevando la propuesta de la Municipalidad de Corrientes que est\u00e1 destinada a promover la producci\u00f3n local y, al mismo tiempo, colaborar con la econom\u00eda familiar de los vecinos.\u00a0<br><br>Este programa, coordinado por la secretar\u00eda de Desarrollo Econ\u00f3mico municipal, a trav\u00e9s de la subsecretar\u00eda de Econom\u00eda Social, posibilita la comercializaci\u00f3n de frutas y verduras, adem\u00e1s de productos panificados caseros, dulces regionales, artesan\u00edas y plantas ornamentales.\u00a0<br><br>El recorrido comenzar\u00e1 el martes 22, de 8 a 13. Ese d\u00eda, los puestos estar\u00e1n en la plaza Libertad (San Mart\u00edn y Per\u00fa).\u00a0<br><br>En tanto, el mi\u00e9rcoles 23, en el mismo horario, desembarcar\u00e1n en la plaza Torrent (San Lorenzo y Bol\u00edvar) del barrio Centro.\u00a0<br><br>Asimismo, el jueves 24, los puesteros se ubicar\u00e1n en plaza La Cruz (Salta y Belgrano) en el barrio del mismo nombre. Cabe se\u00f1alar que, de continuar las obras, podr\u00eda trasladarse\u00a0por calle Buenos Aires.<br><br>El viernes 25, los feriantes se instalar\u00e1n en el barrio Mil Viviendas (plaza Rep\u00fablica del Per\u00fa de Patagonia y La Paz); en el barrio Ber\u00f3n de Astrada (plazoleta Los Inmigrantes, en Correa Fern\u00e1ndez y Sarmiento); y en el barrio Laguna Seca (frente al Colegio Secundario \u201cPte. Dr. Arturo Umberto Illia\u201d ) en Larrea 3400.<br><br>El recorrido continuar\u00e1 el s\u00e1bado 26, de 8 a 13, por la calle Pil\u00fa G\u00f3mez y Jos\u00e9 Rol\u00f3n, en el parque Mitre, mientras que en el paseo Arazaty, costanera y avenida 3 de abril, estar\u00e1n de 10 a 22.<br><br>El cierre de la semana ser\u00e1 el domingo 27, en el horario extendido de 10 a 22, en el Paseo Arazaty, costanera y avenida 3 de abril. All\u00ed los puesteros ofrecer\u00e1n plantas ornamentales, ofertas gastron\u00f3micas, artesan\u00edas y manualidades.\u00a0<br><br>CRONOGRAMA\u00a0<br><br>Martes 22 de agosto: plaza Libertad (barrio Libertad)\u00a0<br><br>Mi\u00e9rcoles 23 de agosto: plaza Torrent (barrio Centro)\u00a0<br><br>Jueves 24 de agosto: plaza La Cruz (barrio La Cruz)\u00a0<br><br>Viernes 25 de agosto: plaza Rep\u00fablica del Per\u00fa (barrio Mil Viviendas), plazoleta Los Inmigrantes (barrio Ber\u00f3n de Astrada); y\u00a0\u00a0espacio verde frente al Colegio Secundario \u201cPte. Dr. Arturo Umberto Illia\u201d (barrio Laguna Seca).\u00a0<br><br>S\u00e1bado 26 de agosto: parque Mitre y paseo Arazaty<br><br>Domingo 27 de agosto: paseo Arazaty<\/p>\n\n\n\n<figure class=\"wp-block-image size-full\"><img loading=\"lazy\" decoding=\"async\" width=\"718\" height=\"867\" src=\"https:\/\/corrientesdetarde.com\/wp-content\/uploads\/2023\/08\/image-557.png\" alt=\"\" class=\"wp-image-81717\" srcset=\"https:\/\/corrientesdetarde.com\/wp-content\/uploads\/2023\/08\/image-557.png 718w, https:\/\/corrientesdetarde.com\/wp-content\/uploads\/2023\/08\/image-557-248x300.png 248w\" sizes=\"auto, (max-width: 718px) 100vw, 718px\" \/><\/figure>\n","protected":false},"excerpt":{"rendered":"<p>La Municipalidad diagram\u00f3 un nuevo cronograma de ferias, del martes 22 al domingo 27 de agosto, en distintos espacios p\u00fablicos de la ciudad. Los vecinos podr\u00e1n conseguir productos de calidad,&hellip; <\/p>\n","protected":false},"author":4,"featured_media":81718,"comment_status":"closed","ping_status":"open","sticky":false,"template":"","format":"standard","meta":{"footnotes":""},"categories":[23],"tags":[],"class_list":["post-81716","post","type-post","status-publish","format-standard","has-post-thumbnail","hentry","category-actualidad"],"_links":{"self":[{"href":"https:\/\/corrientesdetarde.com\/index.php\/wp-json\/wp\/v2\/posts\/81716","targetHints":{"allow":["GET"]}}],"collection":[{"href":"https:\/\/corrientesdetarde.com\/index.php\/wp-json\/wp\/v2\/posts"}],"about":[{"href":"https:\/\/corrientesdetarde.com\/index.php\/wp-json\/wp\/v2\/types\/post"}],"author":[{"embeddable":true,"href":"https:\/\/corrientesdetarde.com\/index.php\/wp-json\/wp\/v2\/users\/4"}],"replies":[{"embeddable":true,"href":"https:\/\/corrientesdetarde.com\/index.php\/wp-json\/wp\/v2\/comments?post=81716"}],"version-history":[{"count":2,"href":"https:\/\/corrientesdetarde.com\/index.php\/wp-json\/wp\/v2\/posts\/81716\/revisions"}],"predecessor-version":[{"id":81721,"href":"https:\/\/corrientesdetarde.com\/index.php\/wp-json\/wp\/v2\/posts\/81716\/revisions\/81721"}],"wp:featuredmedia":[{"embeddable":true,"href":"https:\/\/corrientesdetarde.com\/index.php\/wp-json\/wp\/v2\/media\/81718"}],"wp:attachment":[{"href":"https:\/\/corrientesdetarde.com\/index.php\/wp-json\/wp\/v2\/media?parent=81716"}],"wp:term":[{"taxonomy":"category","embeddable":true,"href":"https:\/\/corrientesdetarde.com\/index.php\/wp-json\/wp\/v2\/categories?post=81716"},{"taxonomy":"post_tag","embeddable":true,"href":"https:\/\/corrientesdetarde.com\/index.php\/wp-json\/wp\/v2\/tags?post=81716"}],"curies":[{"name":"wp","href":"https:\/\/api.w.org\/{rel}","templated":true}]}}