{"id":81722,"date":"2023-08-19T21:18:56","date_gmt":"2023-08-20T00:18:56","guid":{"rendered":"https:\/\/corrientesdetarde.com\/?p=81722"},"modified":"2023-08-19T21:24:49","modified_gmt":"2023-08-20T00:24:49","slug":"fernando-burlando-voy-a-hacer-la-denuncia-para-que-la-justicia-investigue-los-dichos-de-mariano-caprarola-contra-anibal-lotocki","status":"publish","type":"post","link":"https:\/\/corrientesdetarde.com\/index.php\/espectaculos\/fernando-burlando-voy-a-hacer-la-denuncia-para-que-la-justicia-investigue-los-dichos-de-mariano-caprarola-contra-anibal-lotocki\/","title":{"rendered":"Fernando Burlando: &#8220;Voy a hacer la denuncia para que la Justicia investigue los dichos de Mariano Caprarola contra An\u00edbal Lotocki&#8221;"},"content":{"rendered":"\n<p>El abogado tambi\u00e9n habl\u00f3 de las similitudes con el caso de Silvina Luna.<\/p>\n\n\n\n<p><strong>Fernando Burlando<\/strong>&nbsp;lleva adelante una causa de varios pacientes de&nbsp;<strong>An\u00edbal Lotocki<\/strong>&nbsp;y espera que se haga Justicia porque si bien hubo un juicio y se lo declar\u00f3 culpable, a\u00fan contin\u00faa en libertad. Por eso, cont\u00f3 en&nbsp;<em>Intrusos<\/em>&nbsp;que&nbsp;<strong>\u00e9l mismo har\u00e1 la denuncia para investigar qu\u00e9 fue lo que pas\u00f3 con el productor de moda<\/strong>&nbsp;Mariano Caprarola, que muri\u00f3 a los 49 a\u00f1os, luego de una intervenci\u00f3n para sacarse piedras en el ri\u00f1\u00f3n.<\/p>\n\n\n\n<p><strong>&#8220;Tendr\u00eda que tomarlo un fiscal y tomar acci\u00f3n. Voy a hacer yo la denuncia para que investigue la Justicia. Mariano&nbsp;estaba muy asustado&nbsp;y muy afectado por todo esto&#8221;<\/strong>, cont\u00f3 el abogado, quien desea comunicarse con la familia de Mariano para ponerse al tanto de la veracidad del relato sobre el nombre de un pol\u00edtico que estar\u00eda protegiendo a Lotocki.<\/p>\n\n\n\n<p>Burlando remarc\u00f3 que Caprarola era &#8220;amoroso, buena gente, buen tipo, generoso. Me enter\u00e9 por las redes sociales. Esto lo ten\u00eda preocupado y asustado,&nbsp;<strong>estaba con la idea de que se esclarezca, estaba convencido de que Lotocki era culpable de lo que le pasaba a las chicas, \u00e9l no quer\u00eda iniciar acciones legales.<\/strong>&nbsp;Inicialmente, era una frivolidad hablar de estas situaciones. Comenz\u00f3 con Silvina Luna y despu\u00e9s aparecieron Stefy Xipolitakis, Pamela Sosa y Gabriela Trenchi. Lo peor que pasaron estas chicas es la soberbia que tuvieron que tolerar y los datos que no aport\u00f3 para justificar esta falsa inocencia, perjudicando m\u00e1s a las chicas&#8221;.<\/p>\n\n\n\n<p>Burlando destac\u00f3 que no cree que le cuenten a Silvina Luna esta triste noticia: &#8220;Estaba mirando series, no camina, no s\u00e9 si est\u00e1 al tanto, es un golpe muy fuerte para quienes conocemos a Mariano y para quienes est\u00e1n afectados en su salud.&nbsp;<strong>Lo que le pas\u00f3 a Mariano es muy parecido a lo de Silvina Luna&#8221;.<\/strong><\/p>\n\n\n\n<p>Si bien consider\u00f3 que hay mucha informaci\u00f3n sobre lo que fue ocurriendo con Caprarola, considera que va a ser necesario someterlo a una autopsia para tener a\u00fan m\u00e1s certezas.<\/p>\n\n\n\n<p>El productor de moda&nbsp;<strong>Mariano&nbsp;Caprarola<\/strong>&nbsp;<strong>falleci\u00f3 este jueves, como consecuencia de una&nbsp;insuficiencia renal aguda,<\/strong>&nbsp;derivada de una cirug\u00eda que le hab\u00eda practicado el cuestionado<strong>&nbsp;An\u00edbal Lotocki.<\/strong><\/p>\n\n\n\n<p><strong>Caprarola, de 49 a\u00f1os,<\/strong>&nbsp;estaba internado desde el lunes pasado&nbsp;en el Instituto Argentino del Diagn\u00f3stico y Tratamiento, ubicado&nbsp;en el barrio porte\u00f1o de Recoleta.<\/p>\n\n\n\n<p>Qu\u00e9 dijo Mariano Caprarola sobre An\u00edbal Lotocki:<\/p>\n\n\n\n<figure class=\"wp-block-embed is-type-video is-provider-youtube wp-block-embed-youtube wp-embed-aspect-4-3 wp-has-aspect-ratio\"><div class=\"wp-block-embed__wrapper\">\n<iframe loading=\"lazy\" title=\"MARIANO CAPRAROLA, OTRA V\u00cdCTIMA DE LOTOCKI: &quot;ME INYECT\u00d3 MUERTE&quot;\" width=\"1110\" height=\"833\" src=\"https:\/\/www.youtube.com\/embed\/86Zb7RWwcnM?feature=oembed\" frameborder=\"0\" allow=\"accelerometer; autoplay; clipboard-write; encrypted-media; gyroscope; picture-in-picture; web-share\" allowfullscreen><\/iframe>\n<\/div><\/figure>\n","protected":false},"excerpt":{"rendered":"<p>El abogado tambi\u00e9n habl\u00f3 de las similitudes con el caso de Silvina Luna. Fernando Burlando&nbsp;lleva adelante una causa de varios pacientes de&nbsp;An\u00edbal Lotocki&nbsp;y espera que se haga Justicia porque si&hellip; <\/p>\n","protected":false},"author":4,"featured_media":81723,"comment_status":"closed","ping_status":"open","sticky":false,"template":"","format":"standard","meta":{"footnotes":""},"categories":[19],"tags":[],"class_list":["post-81722","post","type-post","status-publish","format-standard","has-post-thumbnail","hentry","category-espectaculos"],"_links":{"self":[{"href":"https:\/\/corrientesdetarde.com\/index.php\/wp-json\/wp\/v2\/posts\/81722","targetHints":{"allow":["GET"]}}],"collection":[{"href":"https:\/\/corrientesdetarde.com\/index.php\/wp-json\/wp\/v2\/posts"}],"about":[{"href":"https:\/\/corrientesdetarde.com\/index.php\/wp-json\/wp\/v2\/types\/post"}],"author":[{"embeddable":true,"href":"https:\/\/corrientesdetarde.com\/index.php\/wp-json\/wp\/v2\/users\/4"}],"replies":[{"embeddable":true,"href":"https:\/\/corrientesdetarde.com\/index.php\/wp-json\/wp\/v2\/comments?post=81722"}],"version-history":[{"count":2,"href":"https:\/\/corrientesdetarde.com\/index.php\/wp-json\/wp\/v2\/posts\/81722\/revisions"}],"predecessor-version":[{"id":81725,"href":"https:\/\/corrientesdetarde.com\/index.php\/wp-json\/wp\/v2\/posts\/81722\/revisions\/81725"}],"wp:featuredmedia":[{"embeddable":true,"href":"https:\/\/corrientesdetarde.com\/index.php\/wp-json\/wp\/v2\/media\/81723"}],"wp:attachment":[{"href":"https:\/\/corrientesdetarde.com\/index.php\/wp-json\/wp\/v2\/media?parent=81722"}],"wp:term":[{"taxonomy":"category","embeddable":true,"href":"https:\/\/corrientesdetarde.com\/index.php\/wp-json\/wp\/v2\/categories?post=81722"},{"taxonomy":"post_tag","embeddable":true,"href":"https:\/\/corrientesdetarde.com\/index.php\/wp-json\/wp\/v2\/tags?post=81722"}],"curies":[{"name":"wp","href":"https:\/\/api.w.org\/{rel}","templated":true}]}}