{"id":81845,"date":"2023-08-20T19:54:02","date_gmt":"2023-08-20T22:54:02","guid":{"rendered":"https:\/\/corrientesdetarde.com\/?p=81845"},"modified":"2023-08-20T19:54:14","modified_gmt":"2023-08-20T22:54:14","slug":"crisis-en-apple-previo-al-lanzamiento-del-iphone-15","status":"publish","type":"post","link":"https:\/\/corrientesdetarde.com\/index.php\/internacionales\/crisis-en-apple-previo-al-lanzamiento-del-iphone-15\/","title":{"rendered":"Crisis en Apple previo al lanzamiento del iPhone 15."},"content":{"rendered":"\n<h2 class=\"wp-block-heading\">La creciente presi\u00f3n de los accionistas de la compa\u00f1\u00eda y malos resultados financieros ser\u00edan las causas.<\/h2>\n\n\n\n<p>El m\u00e1ximo ejecutivo de\u00a0<strong>Apple<\/strong>,\u00a0<strong>Tim Cook<\/strong>, tiene un salario base de\u00a0<strong>tres millones de d\u00f3lares<\/strong>\u00a0y el resto de su sueldo lo cobra en acciones, las cuales alcanzan los\u00a0<strong>40 millones de d\u00f3lares<\/strong>\u00a0y dependen casi por completo de la buena marcha de la tecnol\u00f3gica californiana.<\/p>\n\n\n\n<p>Sin embargo, en medio de las\u00a0<strong>preocupaciones de los accionistas\u00a0<\/strong>de la compa\u00f1\u00eda de la manzana mordida por el enorme tama\u00f1o de su compensaci\u00f3n, Cook solicit\u00f3 un\u00a0<strong>\u201cajuste\u201d<\/strong>\u00a0para cobrar un\u00a0<strong>40% menos<\/strong>.<\/p>\n\n\n\n<p>En 2022, Cook recibi\u00f3 una remuneraci\u00f3n de<strong>&nbsp;99,4 millones de d\u00f3lares<\/strong>, incluidos los tres millones de su salario base y alrededor de&nbsp;<strong>83 millones de d\u00f3lares en premios&nbsp;<\/strong>en acciones y un bono. Eso fue&nbsp;<strong>ligeramente superior&nbsp;<\/strong>a 2021, cuando su paquete salarial total fue de&nbsp;<strong>98,7 millones de d\u00f3lares<\/strong>.<\/p>\n\n\n\n<p>Sin embargo, es raro que los consejeros delegados recomienden que se reduzca su remuneraci\u00f3n, especialmente cuando los paquetes salariales son cada vez m\u00e1s jugosos, y&nbsp;<strong>2021 fue un a\u00f1o r\u00e9cord&nbsp;<\/strong>para la remuneraci\u00f3n de ejecutivos, seg\u00fan datos de Bloomberg. De hecho, aunque Apple ha recibido cr\u00edticas de grupos como Institutional Shareholder Services frente al paquete retributivo de Cook, la mayor\u00eda de los accionistas vot\u00f3 a su favor el a\u00f1o pasado.<\/p>\n\n\n\n<h2 class=\"wp-block-heading\">Por qu\u00e9 Cook se redujo el sueldo<\/h2>\n\n\n\n<p><img loading=\"lazy\" decoding=\"async\" alt=\"Cook solicit\u00f3 un &quot;ajuste de su compensaci\u00f3n&quot; a ra\u00edz de las preocupaciones de los accionistas. (Reuters)\" height=\"1571\" width=\"2200\" src=\"https:\/\/www.infobae.com\/new-resizer\/FRafHE4iCRAHwiOYuMJQ0KrXB6U=\/arc-anglerfish-arc2-prod-infobae\/public\/IBN7OAD7XD2EK7M62FIEBFWODA.jpg\" srcset=\"https:\/\/www.infobae.com\/new-resizer\/FgMddbz4XF4DkEJHHqXyQR7Cl7w=\/420x315\/filters:format(webp):quality(85)\/cloudfront-us-east-1.images.arcpublishing.com\/infobae\/IBN7OAD7XD2EK7M62FIEBFWODA.jpg 420w,https:\/\/www.infobae.com\/new-resizer\/C-2tabPxiYv00-rbzigMBjZvPeQ=\/768x576\/filters:format(webp):quality(85)\/cloudfront-us-east-1.images.arcpublishing.com\/infobae\/IBN7OAD7XD2EK7M62FIEBFWODA.jpg 768w,https:\/\/www.infobae.com\/new-resizer\/egRemmdKrxSsuJoNJa3dBUbB130=\/992x744\/filters:format(webp):quality(85)\/cloudfront-us-east-1.images.arcpublishing.com\/infobae\/IBN7OAD7XD2EK7M62FIEBFWODA.jpg 992w,https:\/\/www.infobae.com\/new-resizer\/EiafP7SqhjmcdYSOo5nibn25dgo=\/1200x900\/filters:format(webp):quality(85)\/cloudfront-us-east-1.images.arcpublishing.com\/infobae\/IBN7OAD7XD2EK7M62FIEBFWODA.jpg 1200w,https:\/\/www.infobae.com\/new-resizer\/Is4upHBPZPGhlWHIhu66sigFkws=\/1440x1080\/filters:format(webp):quality(85)\/cloudfront-us-east-1.images.arcpublishing.com\/infobae\/IBN7OAD7XD2EK7M62FIEBFWODA.jpg 1440w\">Cook solicit\u00f3 un &#8220;ajuste de su compensaci\u00f3n&#8221; a ra\u00edz de las preocupaciones de los accionistas. (Reuters)<\/p>\n\n\n\n<p>El ejecutivo vio un&nbsp;<strong>notable aumento en su salario<\/strong>&nbsp;en momentos en los que Apple sigue batiendo r\u00e9cords de ingresos; en contraste, los sueldos de los dem\u00e1s miembros de la compa\u00f1\u00eda, especialmente los directivos, no lo hicieron tanto. De hecho, en 2021&nbsp;<strong>el sueldo de Cook fue 1.447 veces mayor<\/strong>&nbsp;que el del empleado promedio del gigante tecnol\u00f3gico con sede en Cupertino.<\/p>\n\n\n\n<p>A esto se suma el&nbsp;<strong>recorte de personal&nbsp;<\/strong>que se est\u00e1 produciendo en el sector de la tecnolog\u00eda tras la crisis desatada por la pandemia del COVID-19 y los problemas en la cadena de suministro.<\/p>\n\n\n\n<p>Es por ello que<strong>&nbsp;Cook acept\u00f3 los cambios<\/strong>&nbsp;ante la creciente presi\u00f3n de los accionistas de la compa\u00f1\u00eda que parece apretarse el cintur\u00f3n para prepararse para tiempos dif\u00edciles, mientras espera los resultados en el tercer trimestre fiscal de 2023 y las ventas que deje el lanzamiento de la nueva familia de iPhone 15.<\/p>\n\n\n\n<p>Por ahora, los directivos de la compa\u00f1\u00eda&nbsp;<strong>mantendr\u00e1n sus sueldos<\/strong>&nbsp;durante todo 2024, y tambi\u00e9n se dej\u00f3 intacto el entendimiento de las bonificaciones por objetivos, que se mantiene sin cambios desde 2020.<\/p>\n\n\n\n<p>Cook, de 62 a\u00f1os, tiene una&nbsp;<strong>fortuna que asciende a 1.700 millones de d\u00f3lares<\/strong>, de acuerdo con Forbes, y ha prometido donarla a causas ben\u00e9ficas.<\/p>\n\n\n\n<h2 class=\"wp-block-heading\">Apple enfrenta un contexto dif\u00edcil<\/h2>\n\n\n\n<p><img loading=\"lazy\" decoding=\"async\" alt=\"Crisis en Apple previo al lanzamiento del iPhone 15: Tim Cook, director ejecutivo, redujo su salario. (Reuters)\n\" height=\"3101\" width=\"4652\" src=\"https:\/\/www.infobae.com\/new-resizer\/cxaNSqOowWkVRT2lYYoa5KjGeRk=\/arc-anglerfish-arc2-prod-infobae\/public\/YNZAYOYSBZRG7BRC7CKYFOUMU4.jpg\" srcset=\"https:\/\/www.infobae.com\/new-resizer\/tg1MoH8FeG4csR308yqiW3t_vBs=\/420x280\/filters:format(webp):quality(85)\/cloudfront-us-east-1.images.arcpublishing.com\/infobae\/YNZAYOYSBZRG7BRC7CKYFOUMU4.jpg 420w,https:\/\/www.infobae.com\/new-resizer\/U6ePLD3QOqKdQqfy264rBamqGnI=\/768x512\/filters:format(webp):quality(85)\/cloudfront-us-east-1.images.arcpublishing.com\/infobae\/YNZAYOYSBZRG7BRC7CKYFOUMU4.jpg 768w,https:\/\/www.infobae.com\/new-resizer\/2FkZ93M_THVioNMrLQ4ybKWjIDU=\/992x661\/filters:format(webp):quality(85)\/cloudfront-us-east-1.images.arcpublishing.com\/infobae\/YNZAYOYSBZRG7BRC7CKYFOUMU4.jpg 992w,https:\/\/www.infobae.com\/new-resizer\/bFudcFDLP3Ou3ZTerIBOgcqlP1w=\/1200x800\/filters:format(webp):quality(85)\/cloudfront-us-east-1.images.arcpublishing.com\/infobae\/YNZAYOYSBZRG7BRC7CKYFOUMU4.jpg 1200w,https:\/\/www.infobae.com\/new-resizer\/wLVHviU2ErxBhmYdaPYJvf0TcNk=\/1440x960\/filters:format(webp):quality(85)\/cloudfront-us-east-1.images.arcpublishing.com\/infobae\/YNZAYOYSBZRG7BRC7CKYFOUMU4.jpg 1440w\">Crisis en Apple previo al lanzamiento del iPhone 15: Tim Cook, director ejecutivo, redujo su salario. (Reuters)<\/p>\n\n\n\n<p>Apple no est\u00e1 exenta de la&nbsp;<strong>crisis en las ventas de smartphones<\/strong>, al menos as\u00ed lo sinti\u00f3 durante el segundo trimestre del a\u00f1o en el que registr\u00f3 una ca\u00edda en las ventas del iPhone, las cuales se situaron en<strong>&nbsp;39,669 millones de d\u00f3lares<\/strong>, un&nbsp;<strong>2% menos<\/strong>&nbsp;que el mismo per\u00edodo del 2022.<\/p>\n\n\n\n<p>En total, la compa\u00f1\u00eda tuvo ingresos por&nbsp;<strong>81,797 millones de d\u00f3lares<\/strong>, lo que representa una ca\u00edda del&nbsp;<strong>1.4%<\/strong>. Y en la l\u00ednea de dispositivos, las computadoras Mac y las tabletas iPad tambi\u00e9n tuvieron una disminuci\u00f3n en sus ventas.<\/p>\n\n\n\n<p>Las \u00fanicas verticales que tuvieron un crecimiento en la empresa de Cupertino fueron la de Wearables y la de Servicios que incluye a Apple TV+. De hecho, esta \u00faltima tuvo unos ingresos de&nbsp;<strong>21,210 millones de d\u00f3lares<\/strong>, lo que representa un crecimiento del&nbsp;<strong>8%<\/strong>, el m\u00e1s alto del trimestre.<\/p>\n\n\n\n<p>Durante este per\u00edodo, Apple gast\u00f3&nbsp;<strong>22,610 millones de d\u00f3lares<\/strong>&nbsp;en investigaci\u00f3n y desarrollo, unos&nbsp;<strong>3,120 millones m\u00e1s&nbsp;<\/strong>que a estas alturas del a\u00f1o anterior.<\/p>\n\n\n\n<p>Tim Cook asegura que este aumento del&nbsp;<strong>gasto en I+D<\/strong>&nbsp;fue impulsado en parte por la inteligencia artificial generativa, el mismo campo que est\u00e1 impulsando las inversiones de otras grandes empresas tecnol\u00f3gicas como Microsoft y Google, que est\u00e1n gastando miles de millones en chatbot y otras tecnolog\u00edas de IA.<\/p>\n\n\n\n<p><\/p>\n\n\n\n<p><em>Fuente: Infobae.<\/em><\/p>\n","protected":false},"excerpt":{"rendered":"<p>La creciente presi\u00f3n de los accionistas de la compa\u00f1\u00eda y malos resultados financieros ser\u00edan las causas. El m\u00e1ximo ejecutivo de\u00a0Apple,\u00a0Tim Cook, tiene un salario base de\u00a0tres millones de d\u00f3lares\u00a0y el&hellip; <\/p>\n","protected":false},"author":6,"featured_media":81875,"comment_status":"closed","ping_status":"open","sticky":false,"template":"","format":"standard","meta":{"footnotes":""},"categories":[11],"tags":[],"class_list":["post-81845","post","type-post","status-publish","format-standard","has-post-thumbnail","hentry","category-internacionales"],"_links":{"self":[{"href":"https:\/\/corrientesdetarde.com\/index.php\/wp-json\/wp\/v2\/posts\/81845","targetHints":{"allow":["GET"]}}],"collection":[{"href":"https:\/\/corrientesdetarde.com\/index.php\/wp-json\/wp\/v2\/posts"}],"about":[{"href":"https:\/\/corrientesdetarde.com\/index.php\/wp-json\/wp\/v2\/types\/post"}],"author":[{"embeddable":true,"href":"https:\/\/corrientesdetarde.com\/index.php\/wp-json\/wp\/v2\/users\/6"}],"replies":[{"embeddable":true,"href":"https:\/\/corrientesdetarde.com\/index.php\/wp-json\/wp\/v2\/comments?post=81845"}],"version-history":[{"count":1,"href":"https:\/\/corrientesdetarde.com\/index.php\/wp-json\/wp\/v2\/posts\/81845\/revisions"}],"predecessor-version":[{"id":81876,"href":"https:\/\/corrientesdetarde.com\/index.php\/wp-json\/wp\/v2\/posts\/81845\/revisions\/81876"}],"wp:featuredmedia":[{"embeddable":true,"href":"https:\/\/corrientesdetarde.com\/index.php\/wp-json\/wp\/v2\/media\/81875"}],"wp:attachment":[{"href":"https:\/\/corrientesdetarde.com\/index.php\/wp-json\/wp\/v2\/media?parent=81845"}],"wp:term":[{"taxonomy":"category","embeddable":true,"href":"https:\/\/corrientesdetarde.com\/index.php\/wp-json\/wp\/v2\/categories?post=81845"},{"taxonomy":"post_tag","embeddable":true,"href":"https:\/\/corrientesdetarde.com\/index.php\/wp-json\/wp\/v2\/tags?post=81845"}],"curies":[{"name":"wp","href":"https:\/\/api.w.org\/{rel}","templated":true}]}}