{"id":81846,"date":"2023-08-20T19:47:13","date_gmt":"2023-08-20T22:47:13","guid":{"rendered":"https:\/\/corrientesdetarde.com\/?p=81846"},"modified":"2023-08-20T19:47:25","modified_gmt":"2023-08-20T22:47:25","slug":"la-agenda-politica-y-economica-de-massa-en-eeuu","status":"publish","type":"post","link":"https:\/\/corrientesdetarde.com\/index.php\/economia\/la-agenda-politica-y-economica-de-massa-en-eeuu\/","title":{"rendered":"La agenda pol\u00edtica y econ\u00f3mica de Massa en EEUU."},"content":{"rendered":"\n<h2 class=\"wp-block-heading\">Sergio Massa viaja a los Estados Unidos este lunes para reunirse con la conducci\u00f3n del FMI en momentos en que el directorio del organismo decidir\u00e1 un desembolso de 7.500 millones de d\u00f3lares. Mantendr\u00e1 encuentros con representantes del Banco Mundial y el BID como as\u00ed tambi\u00e9n con altas autoridades de la administraci\u00f3n de los Estados Unidos. A su regreso, se anunciar\u00e1n medidas para fortalecer los ingresos de la poblaci\u00f3n.<\/h2>\n\n\n\n<p>El ministro de Econom\u00eda,\u00a0<strong>Sergio Massa<\/strong>,\u00a0<strong>viajar\u00e1 este lunes a \u00faltima hora con destino a Washington<\/strong>\u00a0para mantener\u00a0<strong>reuniones con autoridades del Fondo Monetario Internacional (FMI) en momentos en que el organismo dispondr\u00e1 desembolsos\u00a0para el pa\u00eds. Adem\u00e1s, tiene\u00a0<\/strong>previstas reuniones con<strong>\u00a0representantes del Banco Mundial,<\/strong>\u00a0<strong>el Banco Interamericano de Desarrollo (BID) y de los departamentos del Tesoro\u00a0<\/strong>y\u00a0<strong>de Estado de los Estados Unidos,\u00a0seg\u00fan confirmaron fuentes oficiales<\/strong>.<\/p>\n\n\n\n<p><strong>El titular del Palacio de Hacienda ser\u00e1 acompa\u00f1ado por el jefe de asesores de la cartera,\u00a0Leonardo Madcur\u00a0y los secretarios\u00a0<\/strong>Legal y Administrativo,<strong>\u00a0Ricardo Casal<\/strong>, y de Asuntos Econ\u00f3micos y Financieros Internacionales,<strong>\u00a0Marco Lavagna<\/strong>.<\/p>\n\n\n\n<p>No participar\u00e1n del viaje ni el viceministro de Econom\u00eda,&nbsp;<strong>Gabriel Rubinstein<\/strong>, ni el titular de Aduanas,&nbsp;<strong>Guillermo Mitchell<\/strong>, que se quedar\u00e1n en el pa\u00eds avanzando en la&nbsp;<strong>elaboraci\u00f3n de distintas medidas&nbsp;<\/strong><strong>orientadas a favorecer a las pymes, el campo y la industria, como as\u00ed tambi\u00e9n sostener el consumo, que se dar\u00e1n a conocer en los pr\u00f3ximos d\u00edas<\/strong>, se\u00f1alan fuentes oficiales.<\/p>\n\n\n\n<p>A su regreso del viaje a los Estados Unidos, el ministro Massa tiene previsto&nbsp;<strong>anunciar un paquete de medidas con ejes en los planos productivo, social y laboral, cuyo \u201cobjetivo es la recuperaci\u00f3n del ingreso por el impacto de la devaluaci\u00f3n que oblig\u00f3 a hacer el FMI\u201d,&nbsp;<\/strong>adelantan en el Palacio de Hacienda.<\/p>\n\n\n\n<h2 class=\"wp-block-heading\"><strong>Cr\u00e9ditos<\/strong><\/h2>\n\n\n\n<p>La agenda de Massa en el pa\u00eds del norte, en principio, se extender\u00e1 por dos d\u00edas y comenzar\u00e1 el martes con un encuentro con&nbsp;<strong>Anna Bjerde<\/strong>&nbsp;directora Gerente de Operaciones, Banco Mundial y luego con&nbsp;<strong>Ilan Goldfajn&nbsp;<\/strong>presidente del BID. En ambos casos se analizar\u00e1n las l\u00edneas crediticias para el pa\u00eds.<\/p>\n\n\n\n<p>Ese d\u00eda, el ministro tambi\u00e9n tiene previsto reunirse con\u00a0<strong>Jay Shambaugh y Michael Kaplan<\/strong>\u00a0del Departamento del Tesoro de los EE.UU. y por la noche cenar\u00e1 con funcionarios de la administraci\u00f3n de\u00a0<strong>Joe Biden<\/strong>.<\/p>\n\n\n\n<p>Para el mi\u00e9rcoles est\u00e1 programada una reuni\u00f3n con&nbsp;<strong>Brian Nichols<\/strong>&nbsp;Subsecretario de Estado para Asuntos del Hemisferio Occidental. Al respecto, fuentes oficiales se\u00f1alan que el gobierno del presidente Biden se encuentra&nbsp;<strong>preocupado por la estabilidad democr\u00e1tica en la Argentina<\/strong>. En medios de la administraci\u00f3n dem\u00f3crata se observa con&nbsp;<strong>desconfianza<\/strong>&nbsp;el crecimiento de&nbsp;<strong>Javier Milei<\/strong>, una figura que asocian a posiciones de extrema derecha como las representadas por&nbsp;<strong>Donald Trump&nbsp;<\/strong>en los Estados Unidos.<\/p>\n\n\n\n<p>Massa tambi\u00e9n se encontrar\u00e1 con la titular del FMI,&nbsp;<strong>Kristalina Georgieva<\/strong>, en un d\u00eda clave ya que ser\u00e1 cuando el directorio del organismo analice el programa argentino y se espera que disponga&nbsp;<strong>un desembolso de fondos para el pa\u00eds de 7.500 millones de d\u00f3lares. Para noviembre el organismo girar\u00eda otros 2.750 millones de d\u00f3lares.<\/strong><\/p>\n\n\n\n<p>Cabe se\u00f1alar que el Directorio ya tiene en su poder el informe conocido como Staff report donde las \u00e1reas t\u00e9cnicas del FMI efect\u00faan un an\u00e1lisis de la situaci\u00f3n macroecon\u00f3mica del pa\u00eds y los riesgos que observan en el corto plazo. Asimismo, los directores tambi\u00e9n ser\u00e1n informados de las conversaciones que mantuvo el staff tanto con los equipos de Javier Milei y Patricia Bullrich.<\/p>\n\n\n\n<p>El prop\u00f3sito de la conducci\u00f3n econ\u00f3mica es fortalecer la posici\u00f3n de reservas del Banco Central y contar con recursos para poder intervenir en el mercado de cambios ante eventuales turbulencias.<\/p>\n\n\n\n<figure class=\"wp-block-image\"><img decoding=\"async\" src=\"https:\/\/media.ambito.com\/p\/4c4113959db66912147745b71dff3d83\/adjuntos\/239\/imagenes\/040\/924\/0040924511\/massa-fmijpeg.jpeg\" alt=\"El ministro de Econom\u00eda, Sergio Massa, viajar\u00e1 este lunes a Washington para reunirse con autoridades del Fondo Monetario Internacional.\"\/><\/figure>\n\n\n\n<p>El ministro de Econom\u00eda, Sergio Massa, viajar\u00e1 este lunes a Washington para reunirse con autoridades del Fondo Monetario Internacional.<\/p>\n\n\n\n<p><em>Fuente: \u00c1mbito.<\/em><\/p>\n","protected":false},"excerpt":{"rendered":"<p>Sergio Massa viaja a los Estados Unidos este lunes para reunirse con la conducci\u00f3n del FMI en momentos en que el directorio del organismo decidir\u00e1 un desembolso de 7.500 millones&hellip; <\/p>\n","protected":false},"author":6,"featured_media":81870,"comment_status":"closed","ping_status":"open","sticky":false,"template":"","format":"standard","meta":{"footnotes":""},"categories":[20],"tags":[],"class_list":["post-81846","post","type-post","status-publish","format-standard","has-post-thumbnail","hentry","category-economia"],"_links":{"self":[{"href":"https:\/\/corrientesdetarde.com\/index.php\/wp-json\/wp\/v2\/posts\/81846","targetHints":{"allow":["GET"]}}],"collection":[{"href":"https:\/\/corrientesdetarde.com\/index.php\/wp-json\/wp\/v2\/posts"}],"about":[{"href":"https:\/\/corrientesdetarde.com\/index.php\/wp-json\/wp\/v2\/types\/post"}],"author":[{"embeddable":true,"href":"https:\/\/corrientesdetarde.com\/index.php\/wp-json\/wp\/v2\/users\/6"}],"replies":[{"embeddable":true,"href":"https:\/\/corrientesdetarde.com\/index.php\/wp-json\/wp\/v2\/comments?post=81846"}],"version-history":[{"count":1,"href":"https:\/\/corrientesdetarde.com\/index.php\/wp-json\/wp\/v2\/posts\/81846\/revisions"}],"predecessor-version":[{"id":81871,"href":"https:\/\/corrientesdetarde.com\/index.php\/wp-json\/wp\/v2\/posts\/81846\/revisions\/81871"}],"wp:featuredmedia":[{"embeddable":true,"href":"https:\/\/corrientesdetarde.com\/index.php\/wp-json\/wp\/v2\/media\/81870"}],"wp:attachment":[{"href":"https:\/\/corrientesdetarde.com\/index.php\/wp-json\/wp\/v2\/media?parent=81846"}],"wp:term":[{"taxonomy":"category","embeddable":true,"href":"https:\/\/corrientesdetarde.com\/index.php\/wp-json\/wp\/v2\/categories?post=81846"},{"taxonomy":"post_tag","embeddable":true,"href":"https:\/\/corrientesdetarde.com\/index.php\/wp-json\/wp\/v2\/tags?post=81846"}],"curies":[{"name":"wp","href":"https:\/\/api.w.org\/{rel}","templated":true}]}}