{"id":81860,"date":"2023-08-20T19:26:40","date_gmt":"2023-08-20T22:26:40","guid":{"rendered":"https:\/\/corrientesdetarde.com\/?p=81860"},"modified":"2023-08-20T19:26:52","modified_gmt":"2023-08-20T22:26:52","slug":"massa-afirmo-que-buscaria-un-gobierno-de-unidad-con-radicales-y-peronistas-que-estan-en-el-pro","status":"publish","type":"post","link":"https:\/\/corrientesdetarde.com\/index.php\/politica\/massa-afirmo-que-buscaria-un-gobierno-de-unidad-con-radicales-y-peronistas-que-estan-en-el-pro\/","title":{"rendered":"MASSA AFIRM\u00d3 QUE BUSCAR\u00cdA UN &#8220;GOBIERNO DE UNIDAD&#8221; CON &#8220;RADICALES Y PERONISTAS QUE EST\u00c1N EN EL PRO&#8221;"},"content":{"rendered":"\n<p>El ministro de Econom\u00eda y candidato presidencial de Uni\u00f3n por la Patria (UxP), Sergio Massa, afirm\u00f3 que de ser electo va a &#8220;convocar a un Gobierno de unidad nacional&#8221; y que integrar\u00eda su gabinete con &#8220;radicales y peronistas que hoy est\u00e1n en el PRO&#8221;.<\/p>\n\n\n\n<p>&#8220;Sin dudas buscar\u00eda un Gobierno de unidad nacional e integrar un gabinete con radicales y con peronistas que hoy est\u00e1n en el PRO&#8221;, manifest\u00f3 Massa en una entrevista publicada hoy en el diario Clar\u00edn.<\/p>\n\n\n\n<p>Para el ministro de Econom\u00eda, las propuestas de los candidatos opositores Javier Milei, de la Libertad Avanza (LLA), y Patricia Bullrich, de Juntos por el Cambio (JxC), lo colocan ante &#8220;la obligaci\u00f3n de convocar a un Gobierno de unidad nacional, m\u00e1s amplio, con radicales, con dirigentes peronistas que acompa\u00f1aron a Horacio (Rodr\u00edguez Larreta), con sectores independientes&#8221;.<\/p>\n\n\n\n<p>Consultado por el resultado de las PASO, Massa advirti\u00f3 que el electorado &#8220;cuando vota a presidente, vota personas, no es la suma de las fuerzas pol\u00edticas&#8221;, y manifest\u00f3 que en octubre buscar\u00e1 &#8220;invitar a compartir el sue\u00f1o de todos lo que votaron a (Juan) Grabois, a todos los que votaron a Horacio (Rodr\u00edguez Larreta) y que claramente no comparten la idea del &#8216;todo o nada&#8217; que plante\u00f3 Bullrich&#8221;.<\/p>\n\n\n\n<p>&#8220;Hay dirigentes de otras fuerzas pol\u00edticas, del espacio de Juan Schiaretti, que no sonar\u00eda il\u00f3gico que fueran funcionarios de mi Gobierno. Me gustar\u00eda ver en el cuarto oscuro a muchos de los que integraron las listas de Horacio en JxC el 22 de octubre&#8221;, ampli\u00f3.<\/p>\n\n\n\n<p>Sobre sus posibles votantes en octubre, analiz\u00f3 que &#8220;hay muchos peronistas que en alg\u00fan momento se desencantaron y tambi\u00e9n hay muchos radicales defensores de la escuela p\u00fablica, de la gratuidad universitaria, de la movilidad social ascendente en la Argentina que no tienen nada que ver con Bullrich y tienen mucho m\u00e1s que ver conmigo, con la identidad de origen del Frente Renovador&#8221;.<\/p>\n\n\n\n<p>Consultado sobre el respaldo p\u00fablico que el expresidente Mauricio Macri le brindara a Milei, Massa consider\u00f3 que con ese accionar el exmandatario &#8220;decidi\u00f3 destruir JxC y empujar a todo el mundo&#8221; con el dirigente libertario.<\/p>\n\n\n\n<p>Y evalu\u00f3 que &#8220;lo m\u00e1s grave del jugueteo de Macri y Milei es la falta de respeto a los votantes de Horacio y a los radicales&#8221;.<\/p>\n\n\n\n<p>&#8220;Hay una falta de respeto de Macri a Patricia: la idea de ir empujando suavecito y con gestos a los votantes a Milei&#8221;, dijo y evalu\u00f3 que ese accionar &#8220;es parte de la bronca o de la angustia y de la renuncia de (Elisa) Carri\u00f3&#8221; a su candidatura como diputada del Paralasur.<\/p>\n\n\n\n<p>Por eso, Massa analiz\u00f3 que Macri &#8220;termina m\u00e1s inclinado a tratar de jugar como fetiche con su nuevo juguete Milei&#8221;.<\/p>\n\n\n\n<p>El ministro de Econom\u00eda reiter\u00f3 que Milei y Bullrich &#8220;plantean lo mismo&#8221; y sostuvo que &#8220;los dos so\u00f1ar\u00edan a Macri como ministro plenipotenciario por el mundo consiguiendo inversiones. Milei se anim\u00f3 a decirlo, Patricia todav\u00eda no&#8221;.<\/p>\n","protected":false},"excerpt":{"rendered":"<p>El ministro de Econom\u00eda y candidato presidencial de Uni\u00f3n por la Patria (UxP), Sergio Massa, afirm\u00f3 que de ser electo va a &#8220;convocar a un Gobierno de unidad nacional&#8221; y&hellip; <\/p>\n","protected":false},"author":11,"featured_media":78294,"comment_status":"closed","ping_status":"open","sticky":false,"template":"","format":"standard","meta":{"footnotes":""},"categories":[3],"tags":[99],"class_list":["post-81860","post","type-post","status-publish","format-standard","has-post-thumbnail","hentry","category-politica","tag-massa"],"_links":{"self":[{"href":"https:\/\/corrientesdetarde.com\/index.php\/wp-json\/wp\/v2\/posts\/81860","targetHints":{"allow":["GET"]}}],"collection":[{"href":"https:\/\/corrientesdetarde.com\/index.php\/wp-json\/wp\/v2\/posts"}],"about":[{"href":"https:\/\/corrientesdetarde.com\/index.php\/wp-json\/wp\/v2\/types\/post"}],"author":[{"embeddable":true,"href":"https:\/\/corrientesdetarde.com\/index.php\/wp-json\/wp\/v2\/users\/11"}],"replies":[{"embeddable":true,"href":"https:\/\/corrientesdetarde.com\/index.php\/wp-json\/wp\/v2\/comments?post=81860"}],"version-history":[{"count":1,"href":"https:\/\/corrientesdetarde.com\/index.php\/wp-json\/wp\/v2\/posts\/81860\/revisions"}],"predecessor-version":[{"id":81861,"href":"https:\/\/corrientesdetarde.com\/index.php\/wp-json\/wp\/v2\/posts\/81860\/revisions\/81861"}],"wp:featuredmedia":[{"embeddable":true,"href":"https:\/\/corrientesdetarde.com\/index.php\/wp-json\/wp\/v2\/media\/78294"}],"wp:attachment":[{"href":"https:\/\/corrientesdetarde.com\/index.php\/wp-json\/wp\/v2\/media?parent=81860"}],"wp:term":[{"taxonomy":"category","embeddable":true,"href":"https:\/\/corrientesdetarde.com\/index.php\/wp-json\/wp\/v2\/categories?post=81860"},{"taxonomy":"post_tag","embeddable":true,"href":"https:\/\/corrientesdetarde.com\/index.php\/wp-json\/wp\/v2\/tags?post=81860"}],"curies":[{"name":"wp","href":"https:\/\/api.w.org\/{rel}","templated":true}]}}