{"id":81863,"date":"2023-08-20T19:33:47","date_gmt":"2023-08-20T22:33:47","guid":{"rendered":"https:\/\/corrientesdetarde.com\/?p=81863"},"modified":"2023-08-20T19:33:58","modified_gmt":"2023-08-20T22:33:58","slug":"pablo-moyano-convoco-a-plenarios-para-explicar-a-trabajadores-por-que-apoyar-al-gobierno-peronista","status":"publish","type":"post","link":"https:\/\/corrientesdetarde.com\/index.php\/politica\/pablo-moyano-convoco-a-plenarios-para-explicar-a-trabajadores-por-que-apoyar-al-gobierno-peronista\/","title":{"rendered":"PABLO MOYANO CONVOC\u00d3 A PLENARIOS PARA EXPLICAR A TRABAJADORES &#8220;POR QU\u00c9 APOYAR AL GOBIERNO PERONISTA&#8221;"},"content":{"rendered":"\n<p>El cosecretario general de la CGT y secretario general adjunto del Sindicato de Choferes de Camiones, Pablo Moyano, dijo hoy que esa organizaci\u00f3n convoc\u00f3 a &#8220;plenarios y asambleas&#8221; para &#8220;informar y explicar a los trabajadores y trabajadoras por qu\u00e9 es crucial seguir apoyando a un gobierno peronista&#8221;, tras los resultados de las elecciones primarias, abiertas, simult\u00e1neas y obligatorias (PASO) del domingo pasado.<\/p>\n\n\n\n<p>&#8220;Desde nuestra organizaci\u00f3n gremial de Camioneros, hemos convocado a plenarios y asambleas con el objetivo de informar y explicar a los trabajadores y trabajadoras por qu\u00e9 es crucial seguir apoyando a un gobierno peronista&#8221;, sostuvo Moyano en un comunicado en el que tambi\u00e9n se refiri\u00f3 a las propuestas econ\u00f3micas del candidato de La Libertad Avanza (LLA), Javier Milei.<\/p>\n\n\n\n<p>Moyano se\u00f1al\u00f3 que &#8220;ante las propuestas del candidato de la derecha y de la se\u00f1ora (Patricia) Bulrich, que incluyen una reforma laboral dr\u00e1stica con la eliminaci\u00f3n de la indemnizaci\u00f3n, la ca\u00edda de los convenios colectivos de trabajo y la quita de la personer\u00eda gremial, los camioneros reafirmamos nuestro compromiso de evitar el regreso de pol\u00edticas que atenten contra los derechos laborales&#8221;.<\/p>\n\n\n\n<p>&#8220;A pesar de los esfuerzos de los grandes medios de comunicaci\u00f3n, los empresarios y otros sectores, que promueven la idea de que la derecha es la soluci\u00f3n para el pa\u00eds, los camioneros hacemos un llamado a todos los sectores del peronismo, los movimientos sociales y los trabajadores y trabajadoras sindicalizados a seguir luchando y militando para impedir que esta derecha reaccionaria vuelva a gobernar&#8221;, manifest\u00f3.<\/p>\n\n\n\n<p>Pablo Moyano dijo que &#8220;con la memoria fresca de los a\u00f1os del macrimonio y la alianza del 2001&#8221;, su gremio instaba a dar un &#8220;nuevo voto de confianza&#8221; al peronismo en las pr\u00f3ximas elecciones con la candidatura del minsitro de Econom\u00eda y exdiputado nacional, Sergio Massa.<\/p>\n","protected":false},"excerpt":{"rendered":"<p>El cosecretario general de la CGT y secretario general adjunto del Sindicato de Choferes de Camiones, Pablo Moyano, dijo hoy que esa organizaci\u00f3n convoc\u00f3 a &#8220;plenarios y asambleas&#8221; para &#8220;informar&hellip; <\/p>\n","protected":false},"author":11,"featured_media":75009,"comment_status":"closed","ping_status":"open","sticky":false,"template":"","format":"standard","meta":{"footnotes":""},"categories":[3],"tags":[283],"class_list":["post-81863","post","type-post","status-publish","format-standard","has-post-thumbnail","hentry","category-politica","tag-moyano"],"_links":{"self":[{"href":"https:\/\/corrientesdetarde.com\/index.php\/wp-json\/wp\/v2\/posts\/81863","targetHints":{"allow":["GET"]}}],"collection":[{"href":"https:\/\/corrientesdetarde.com\/index.php\/wp-json\/wp\/v2\/posts"}],"about":[{"href":"https:\/\/corrientesdetarde.com\/index.php\/wp-json\/wp\/v2\/types\/post"}],"author":[{"embeddable":true,"href":"https:\/\/corrientesdetarde.com\/index.php\/wp-json\/wp\/v2\/users\/11"}],"replies":[{"embeddable":true,"href":"https:\/\/corrientesdetarde.com\/index.php\/wp-json\/wp\/v2\/comments?post=81863"}],"version-history":[{"count":1,"href":"https:\/\/corrientesdetarde.com\/index.php\/wp-json\/wp\/v2\/posts\/81863\/revisions"}],"predecessor-version":[{"id":81864,"href":"https:\/\/corrientesdetarde.com\/index.php\/wp-json\/wp\/v2\/posts\/81863\/revisions\/81864"}],"wp:featuredmedia":[{"embeddable":true,"href":"https:\/\/corrientesdetarde.com\/index.php\/wp-json\/wp\/v2\/media\/75009"}],"wp:attachment":[{"href":"https:\/\/corrientesdetarde.com\/index.php\/wp-json\/wp\/v2\/media?parent=81863"}],"wp:term":[{"taxonomy":"category","embeddable":true,"href":"https:\/\/corrientesdetarde.com\/index.php\/wp-json\/wp\/v2\/categories?post=81863"},{"taxonomy":"post_tag","embeddable":true,"href":"https:\/\/corrientesdetarde.com\/index.php\/wp-json\/wp\/v2\/tags?post=81863"}],"curies":[{"name":"wp","href":"https:\/\/api.w.org\/{rel}","templated":true}]}}