{"id":81867,"date":"2023-08-20T19:45:25","date_gmt":"2023-08-20T22:45:25","guid":{"rendered":"https:\/\/corrientesdetarde.com\/?p=81867"},"modified":"2023-08-20T19:45:36","modified_gmt":"2023-08-20T22:45:36","slug":"manrique-le-reclamo-a-alberto-fernandez-que-aparezca-hace-dos-meses-que-no-lo-vemos-por-ningun-lado","status":"publish","type":"post","link":"https:\/\/corrientesdetarde.com\/index.php\/politica\/manrique-le-reclamo-a-alberto-fernandez-que-aparezca-hace-dos-meses-que-no-lo-vemos-por-ningun-lado\/","title":{"rendered":"Manrique le reclam\u00f3 a Alberto Fern\u00e1ndez que aparezca: \u00abHace dos meses que no lo vemos por ning\u00fan lado\u00bb"},"content":{"rendered":"\n<p>(Pablo Roma, Gremiales) &#8211; El n\u00famero dos del sindicato de mec\u00e1nicos del SMATA y candidato a diputado nacional del oficialismo, Mario \u00abPaco\u00bb Manrique, le reclam\u00f3 al presidente Alberto Fern\u00e1ndez que sea el \u00abfusible\u00bb en medio de la crisis y darle \u00abalivio\u00bb en la campa\u00f1a al candidato a sucederlo, Sergio Massa, mientras que sobre el mandatario se pregunt\u00f3 \u00ab\u00bfD\u00f3nde est\u00e1?\u00bb.<\/p>\n\n\n\n<p>\u00abHace dos meses que no lo vemos por ning\u00fan lado. Eso es malo, porque vos al candidato nuestro lo pones en dos posiciones complejas. Massa tiene capacidad, coraje, las cosas claras, pero no podes ser candidato, ministro de Econom\u00eda y Presidente. El Presidente tiene que tomar las medidas \u00e9l para darle un poco de alivio al candidato, la lapicera la sigue teniendo el Presidente\u00bb, advirti\u00f3 el aspirante a diputado nacional por la provincia de Buenos Aires que ocupa el tercer lugar de la lista.<\/p>\n\n\n\n<p>Y, sobre la escasa actividad oficial del jefe de Estado en las \u00faltimas semanas, agreg\u00f3: \u00ab\u00bfD\u00f3nde est\u00e1 el Presidente? \u00bfLo viste vos? Lo digo con respeto. A Alberto le reconozco sus dos primeros a\u00f1os de gobierno, le toc\u00f3 pelear en el tren fantasma. Recibi\u00f3 un pa\u00eds endeudado, le cay\u00f3 una pandemia y me saco el sombrero, lo hizo perfecto\u00bb.<\/p>\n\n\n\n<p>\u00abTerminada la pandemia, vino la sequ\u00eda, tendr\u00eda que haber tomado las riendas del pa\u00eds con otra impronta, haberse enfrentado a los formadores de precios, la banca financiera, a todos los que nos ponen contra la pared\u00bb, evalu\u00f3 en declaraciones radiales.<\/p>\n\n\n\n<p>El reclamo de Manrique apunta a que Fern\u00e1ndez sea el encargado de dar las malas noticias que haya que dar hasta diciembre y Massa sea liberado de ese desgaste, luego de que el ministro de Econom\u00eda dijera que no va a renunciar al cargo.<\/p>\n\n\n\n<p>\u00abNo lo expongamos al candidato, el Presidente tiene que tomar las decisiones\u00bb, dijo Manrique, quien al ser consultado sobre si el mandatario deber\u00eda ejercer el rol de \u00abfusible\u00bb en lo que queda del mandato, respondi\u00f3: \u00abEs as\u00ed\u00bb.<\/p>\n\n\n\n<p>Luego, el gremialista insisti\u00f3 con esa postura pero apelando a una met\u00e1fora futbolera: \u00abSe lleva la marca el Presidente y el 10 que tenemos tiene m\u00e1s campo para jugar. Ahora, si al 10 lo pones de 5, se tiene que tirar al piso, pegar patadas, dar el pase y tirar el centro, no va a terminar el partido\u00bb, lament\u00f3.<\/p>\n\n\n\n<p>Por \u00faltimo, Manrique consider\u00f3 que \u00abMassa tiene otra impronta y otra visi\u00f3n de futuro\u00bb que Alberto Fern\u00e1ndez y \u00abpuede y va a llegar al poder y aprendi\u00f3 de los errores\u00bb que se cometieron durante la gesti\u00f3n del Frente de Todos.<\/p>\n","protected":false},"excerpt":{"rendered":"<p>(Pablo Roma, Gremiales) &#8211; El n\u00famero dos del sindicato de mec\u00e1nicos del SMATA y candidato a diputado nacional del oficialismo, Mario \u00abPaco\u00bb Manrique, le reclam\u00f3 al presidente Alberto Fern\u00e1ndez que&hellip; <\/p>\n","protected":false},"author":11,"featured_media":81868,"comment_status":"closed","ping_status":"open","sticky":false,"template":"","format":"standard","meta":{"footnotes":""},"categories":[3],"tags":[980],"class_list":["post-81867","post","type-post","status-publish","format-standard","has-post-thumbnail","hentry","category-politica","tag-manrique"],"_links":{"self":[{"href":"https:\/\/corrientesdetarde.com\/index.php\/wp-json\/wp\/v2\/posts\/81867","targetHints":{"allow":["GET"]}}],"collection":[{"href":"https:\/\/corrientesdetarde.com\/index.php\/wp-json\/wp\/v2\/posts"}],"about":[{"href":"https:\/\/corrientesdetarde.com\/index.php\/wp-json\/wp\/v2\/types\/post"}],"author":[{"embeddable":true,"href":"https:\/\/corrientesdetarde.com\/index.php\/wp-json\/wp\/v2\/users\/11"}],"replies":[{"embeddable":true,"href":"https:\/\/corrientesdetarde.com\/index.php\/wp-json\/wp\/v2\/comments?post=81867"}],"version-history":[{"count":1,"href":"https:\/\/corrientesdetarde.com\/index.php\/wp-json\/wp\/v2\/posts\/81867\/revisions"}],"predecessor-version":[{"id":81869,"href":"https:\/\/corrientesdetarde.com\/index.php\/wp-json\/wp\/v2\/posts\/81867\/revisions\/81869"}],"wp:featuredmedia":[{"embeddable":true,"href":"https:\/\/corrientesdetarde.com\/index.php\/wp-json\/wp\/v2\/media\/81868"}],"wp:attachment":[{"href":"https:\/\/corrientesdetarde.com\/index.php\/wp-json\/wp\/v2\/media?parent=81867"}],"wp:term":[{"taxonomy":"category","embeddable":true,"href":"https:\/\/corrientesdetarde.com\/index.php\/wp-json\/wp\/v2\/categories?post=81867"},{"taxonomy":"post_tag","embeddable":true,"href":"https:\/\/corrientesdetarde.com\/index.php\/wp-json\/wp\/v2\/tags?post=81867"}],"curies":[{"name":"wp","href":"https:\/\/api.w.org\/{rel}","templated":true}]}}