{"id":81879,"date":"2023-08-20T20:35:38","date_gmt":"2023-08-20T23:35:38","guid":{"rendered":"https:\/\/corrientesdetarde.com\/?p=81879"},"modified":"2023-08-20T20:35:49","modified_gmt":"2023-08-20T23:35:49","slug":"prefectura-decomiso-un-cargamento-de-marihuana","status":"publish","type":"post","link":"https:\/\/corrientesdetarde.com\/index.php\/crimen-y-justicia\/prefectura-decomiso-un-cargamento-de-marihuana\/","title":{"rendered":"Prefectura decomis\u00f3 un cargamento de marihuana."},"content":{"rendered":"\n<h2 class=\"wp-block-heading\">Efectivos de la Prefectura Naval Argentina secuestraron un cargamento de 378 kilos de marihuana en la localidad chaque\u00f1a de Barranqueras y detuvieron a una persona.<\/h2>\n\n\n\n<p>El operativo comenz\u00f3 cuando el personal de la delegaci\u00f3n de Inteligencia Criminal e Investigaciones de la Prefectura de Chaco observ\u00f3, a la altura del kil\u00f3metro 1.223 del r\u00edo Paran\u00e1, una persona en una embarcaci\u00f3n transportando bultos.<\/p>\n\n\n\n<p>Al dirigirse hacia la misma, pudieron constatar que &nbsp;se trataba de 32 bolsas de arpillera que conten\u00edan, en su interior, 306 paquetes con cogollos de marihuana, logrando detener al hombre que se encontraba a bordo.<\/p>\n\n\n\n<p>La droga incautada tiene un peso total de 378 kilos y un valor de 3.200.000 de pesos.<\/p>\n\n\n\n<p>Interviene la Secretar\u00eda Penal N\u00ba 1 del Juzgado Federal N\u00ba 2 de Resistencia, a cargo del Dr. Javier Pastore.<\/p>\n","protected":false},"excerpt":{"rendered":"<p>Efectivos de la Prefectura Naval Argentina secuestraron un cargamento de 378 kilos de marihuana en la localidad chaque\u00f1a de Barranqueras y detuvieron a una persona. El operativo comenz\u00f3 cuando el&hellip; <\/p>\n","protected":false},"author":6,"featured_media":81883,"comment_status":"closed","ping_status":"open","sticky":false,"template":"","format":"standard","meta":{"footnotes":""},"categories":[5],"tags":[],"class_list":["post-81879","post","type-post","status-publish","format-standard","has-post-thumbnail","hentry","category-crimen-y-justicia"],"_links":{"self":[{"href":"https:\/\/corrientesdetarde.com\/index.php\/wp-json\/wp\/v2\/posts\/81879","targetHints":{"allow":["GET"]}}],"collection":[{"href":"https:\/\/corrientesdetarde.com\/index.php\/wp-json\/wp\/v2\/posts"}],"about":[{"href":"https:\/\/corrientesdetarde.com\/index.php\/wp-json\/wp\/v2\/types\/post"}],"author":[{"embeddable":true,"href":"https:\/\/corrientesdetarde.com\/index.php\/wp-json\/wp\/v2\/users\/6"}],"replies":[{"embeddable":true,"href":"https:\/\/corrientesdetarde.com\/index.php\/wp-json\/wp\/v2\/comments?post=81879"}],"version-history":[{"count":1,"href":"https:\/\/corrientesdetarde.com\/index.php\/wp-json\/wp\/v2\/posts\/81879\/revisions"}],"predecessor-version":[{"id":81884,"href":"https:\/\/corrientesdetarde.com\/index.php\/wp-json\/wp\/v2\/posts\/81879\/revisions\/81884"}],"wp:featuredmedia":[{"embeddable":true,"href":"https:\/\/corrientesdetarde.com\/index.php\/wp-json\/wp\/v2\/media\/81883"}],"wp:attachment":[{"href":"https:\/\/corrientesdetarde.com\/index.php\/wp-json\/wp\/v2\/media?parent=81879"}],"wp:term":[{"taxonomy":"category","embeddable":true,"href":"https:\/\/corrientesdetarde.com\/index.php\/wp-json\/wp\/v2\/categories?post=81879"},{"taxonomy":"post_tag","embeddable":true,"href":"https:\/\/corrientesdetarde.com\/index.php\/wp-json\/wp\/v2\/tags?post=81879"}],"curies":[{"name":"wp","href":"https:\/\/api.w.org\/{rel}","templated":true}]}}