{"id":81882,"date":"2023-08-20T20:37:10","date_gmt":"2023-08-20T23:37:10","guid":{"rendered":"https:\/\/corrientesdetarde.com\/?p=81882"},"modified":"2023-08-20T20:37:21","modified_gmt":"2023-08-20T23:37:21","slug":"todas-las-centrales-y-los-espacios-sindicales-se-reuniran-en-el-congreso-alarmados-por-la-avanzada-contra-los-derechos-laborales","status":"publish","type":"post","link":"https:\/\/corrientesdetarde.com\/index.php\/politica\/todas-las-centrales-y-los-espacios-sindicales-se-reuniran-en-el-congreso-alarmados-por-la-avanzada-contra-los-derechos-laborales\/","title":{"rendered":"TODAS LAS CENTRALES Y LOS ESPACIOS SINDICALES SE REUNIR\u00c1N EN EL CONGRESO ALARMADOS POR LA AVANZADA CONTRA LOS DERECHOS LABORALES"},"content":{"rendered":"\n<p>(INFOGREMIALES.COM.AR) &#8211; Las tres centrales obreras y otros espacios gremiales convocaron para el martes a \u00abuna asamblea por los derechos laborales\u00bb en el Congreso de la Naci\u00f3n en procura de garantizar \u00ablos cuidados en el mundo del trabajo\u00bb. Es en una virtual respuesta a la propuesta de eliminar los derechos laborales.<\/p>\n\n\n\n<p>El encuentro se realizar\u00e1 a las 16 del martes pr\u00f3ximo y fue convocado por la CGT, ambas CTA (de los Trabajadores y Aut\u00f3noma), el Frente Sindical para el Modelo Nacional (Fresimona), las 62 Organizaciones Gremiales Peronistas, las Mujeres Sindicalistas de la Corriente Federal de Trabajadores (CFT), la UTEP y la CCC.<\/p>\n\n\n\n<p>Los dirigentes analizar\u00e1n en esa asamblea la ampliaci\u00f3n de las licencias para personas gestantes de 90 a 126 d\u00edas y para no gestantes de 2 a 45 d\u00edas; la creaci\u00f3n de las licencias por adopci\u00f3n y violencia de g\u00e9nero y\/o laboral y la ampliaci\u00f3n de las parentales para los casos de discapacidad, informaron las entidades gremiales.<\/p>\n\n\n\n<p>Todas las centrales y los espacios sindicales se reunir\u00e1n en el Congreso alarmados por la avanzada contra los derechos laborales<br>Tambi\u00e9n analizar\u00e1n la cobertura de seguridad social para monotributistas y aut\u00f3nomos gestantes, no gestantes y adoptantes, y se\u00f1alaron que los trabajadores debatir\u00e1n \u00ablos derechos que faltan, que actualizan y generan un avance en la Ley de Contrato de Trabajo (LCT) y de asignaciones familiares\u00bb, indic\u00f3 un comunicado.<\/p>\n\n\n\n<p>Los dirigentes de todos esos espacios, entre otros, se pronunciaron por lograr avances por \u00abuna sociedad con acceso al empleo m\u00e1s justo e igualitario\u00bb.<\/p>\n","protected":false},"excerpt":{"rendered":"<p>(INFOGREMIALES.COM.AR) &#8211; Las tres centrales obreras y otros espacios gremiales convocaron para el martes a \u00abuna asamblea por los derechos laborales\u00bb en el Congreso de la Naci\u00f3n en procura de&hellip; <\/p>\n","protected":false},"author":11,"featured_media":81885,"comment_status":"closed","ping_status":"open","sticky":false,"template":"","format":"standard","meta":{"footnotes":""},"categories":[3],"tags":[],"class_list":["post-81882","post","type-post","status-publish","format-standard","has-post-thumbnail","hentry","category-politica"],"_links":{"self":[{"href":"https:\/\/corrientesdetarde.com\/index.php\/wp-json\/wp\/v2\/posts\/81882","targetHints":{"allow":["GET"]}}],"collection":[{"href":"https:\/\/corrientesdetarde.com\/index.php\/wp-json\/wp\/v2\/posts"}],"about":[{"href":"https:\/\/corrientesdetarde.com\/index.php\/wp-json\/wp\/v2\/types\/post"}],"author":[{"embeddable":true,"href":"https:\/\/corrientesdetarde.com\/index.php\/wp-json\/wp\/v2\/users\/11"}],"replies":[{"embeddable":true,"href":"https:\/\/corrientesdetarde.com\/index.php\/wp-json\/wp\/v2\/comments?post=81882"}],"version-history":[{"count":1,"href":"https:\/\/corrientesdetarde.com\/index.php\/wp-json\/wp\/v2\/posts\/81882\/revisions"}],"predecessor-version":[{"id":81886,"href":"https:\/\/corrientesdetarde.com\/index.php\/wp-json\/wp\/v2\/posts\/81882\/revisions\/81886"}],"wp:featuredmedia":[{"embeddable":true,"href":"https:\/\/corrientesdetarde.com\/index.php\/wp-json\/wp\/v2\/media\/81885"}],"wp:attachment":[{"href":"https:\/\/corrientesdetarde.com\/index.php\/wp-json\/wp\/v2\/media?parent=81882"}],"wp:term":[{"taxonomy":"category","embeddable":true,"href":"https:\/\/corrientesdetarde.com\/index.php\/wp-json\/wp\/v2\/categories?post=81882"},{"taxonomy":"post_tag","embeddable":true,"href":"https:\/\/corrientesdetarde.com\/index.php\/wp-json\/wp\/v2\/tags?post=81882"}],"curies":[{"name":"wp","href":"https:\/\/api.w.org\/{rel}","templated":true}]}}