{"id":81890,"date":"2023-08-20T20:47:12","date_gmt":"2023-08-20T23:47:12","guid":{"rendered":"https:\/\/corrientesdetarde.com\/?p=81890"},"modified":"2023-08-20T20:47:24","modified_gmt":"2023-08-20T23:47:24","slug":"zelenski-anuncia-que-recibira-al-menos-42-aviones-de-combate-f-16-tras-el-acuerdo-con-paises-bajos-y-dinamarca","status":"publish","type":"post","link":"https:\/\/corrientesdetarde.com\/index.php\/internacionales\/zelenski-anuncia-que-recibira-al-menos-42-aviones-de-combate-f-16-tras-el-acuerdo-con-paises-bajos-y-dinamarca\/","title":{"rendered":"Zelenski anuncia que recibir\u00e1 al menos 42 aviones de combate F-16 tras el acuerdo con Pa\u00edses Bajos y Dinamarca."},"content":{"rendered":"\n<p>El presidente de Ucrania, Volodimir Zelenski, ha anunciado este domingo que su pa\u00eds recibir\u00e1 al menos 42 aviones de combate F-16 tras el acuerdo alcanzado con Dinamarca y Pa\u00edses Bajos que estipula, con el benepl\u00e1cito de Estados Unidos, la entrega de estos aviones cuando termine el entrenamiento de pilotos de combate ucranianos.<\/p>\n\n\n\n<p>Acompa\u00f1ado del primer ministro neerland\u00e9s en funciones, Mark Rutte, el presidente de Ucrania ha celebrado este domingo en la ciudad holandesa de Eindhoven un acuerdo que representa &#8220;otro paso para fortalecer el escudo a\u00e9reo de Ucrania: los F-16&#8221;, ha aplaudido Zelenski en un mensaje a trav\u00e9s de su cuenta de X, antes Twitter.<\/p>\n\n\n\n<p>&#8220;El primer ministro Mark Rutte y hemos llegado a un acuerdo sobre el n\u00famero de F-16 que ser\u00e1n transferidos a Ucrania una vez que nuestros pilotos e ingenieros hayan completado su entrenamiento: 42 jets, y esto es solo el principio&#8221;, ha ratificado el presidente ucraniano.<\/p>\n\n\n\n<p>&#8220;Estos aviones de combate ser\u00e1n empleados para alejar a los terroristas (Rusia) de las ciudades y pueblos de Ucrania&#8221;, ha a\u00f1adido el mandatario, &#8220;y esto es solo el principio&#8221;, ha zanjado.<\/p>\n\n\n\n<p>En su rueda de prensa previa, Rutte hab\u00eda eludido dar un n\u00famero exacto de aparatos, si bien record\u00f3 que el pa\u00eds ten\u00eda previsto renovar el a\u00f1o que viene su arsenal a\u00e9reo con el reemplazo de 42 aviones F-16 con aviones F-35 estadounidenses. &#8220;La mayor\u00eda de ellos ir\u00e1n a Ucrania, ahora que EEUU ha dado su permiso&#8221;, seg\u00fan ha hecho saber el primer ministro en declaraciones recogidas por la cadena NRC.<\/p>\n\n\n\n<p>Los cazas F-16 son una de las peticiones recurrentes del presidente ucraniano con vistas a una contraofensiva ya en marcha para expulsar a las fuerzas rusas de las zonas ocupadas en el este y el sur de Ucrania. Sin embargo, se ha topado con el recelo occidental y una bater\u00eda de retrasos.<\/p>\n\n\n\n<p>Kiev ya asume p\u00fablicamente que no recibir\u00e1 los cazas al menos hasta el pr\u00f3ximo a\u00f1o. &#8220;Es obvio que no podremos defender Ucrania este oto\u00f1o e invierno con los F-16&#8221;, declar\u00f3 esta semana un portavoz de la Fuerza A\u00e9rea, Yuri Ignat, en una entrevista a la televisi\u00f3n ucraniana.<\/p>\n\n\n\n<p>Ignat cree no obstante que s\u00ed ha habido progresos en lo que se refiere a la formaci\u00f3n de personal ucraniano, ya que espera que comience &#8220;en el futuro cercano&#8221;.<\/p>\n","protected":false},"excerpt":{"rendered":"<p>El presidente de Ucrania, Volodimir Zelenski, ha anunciado este domingo que su pa\u00eds recibir\u00e1 al menos 42 aviones de combate F-16 tras el acuerdo alcanzado con Dinamarca y Pa\u00edses Bajos&hellip; <\/p>\n","protected":false},"author":6,"featured_media":81892,"comment_status":"closed","ping_status":"open","sticky":false,"template":"","format":"standard","meta":{"footnotes":""},"categories":[11],"tags":[],"class_list":["post-81890","post","type-post","status-publish","format-standard","has-post-thumbnail","hentry","category-internacionales"],"_links":{"self":[{"href":"https:\/\/corrientesdetarde.com\/index.php\/wp-json\/wp\/v2\/posts\/81890","targetHints":{"allow":["GET"]}}],"collection":[{"href":"https:\/\/corrientesdetarde.com\/index.php\/wp-json\/wp\/v2\/posts"}],"about":[{"href":"https:\/\/corrientesdetarde.com\/index.php\/wp-json\/wp\/v2\/types\/post"}],"author":[{"embeddable":true,"href":"https:\/\/corrientesdetarde.com\/index.php\/wp-json\/wp\/v2\/users\/6"}],"replies":[{"embeddable":true,"href":"https:\/\/corrientesdetarde.com\/index.php\/wp-json\/wp\/v2\/comments?post=81890"}],"version-history":[{"count":1,"href":"https:\/\/corrientesdetarde.com\/index.php\/wp-json\/wp\/v2\/posts\/81890\/revisions"}],"predecessor-version":[{"id":81893,"href":"https:\/\/corrientesdetarde.com\/index.php\/wp-json\/wp\/v2\/posts\/81890\/revisions\/81893"}],"wp:featuredmedia":[{"embeddable":true,"href":"https:\/\/corrientesdetarde.com\/index.php\/wp-json\/wp\/v2\/media\/81892"}],"wp:attachment":[{"href":"https:\/\/corrientesdetarde.com\/index.php\/wp-json\/wp\/v2\/media?parent=81890"}],"wp:term":[{"taxonomy":"category","embeddable":true,"href":"https:\/\/corrientesdetarde.com\/index.php\/wp-json\/wp\/v2\/categories?post=81890"},{"taxonomy":"post_tag","embeddable":true,"href":"https:\/\/corrientesdetarde.com\/index.php\/wp-json\/wp\/v2\/tags?post=81890"}],"curies":[{"name":"wp","href":"https:\/\/api.w.org\/{rel}","templated":true}]}}