{"id":81891,"date":"2023-08-20T20:48:32","date_gmt":"2023-08-20T23:48:32","guid":{"rendered":"https:\/\/corrientesdetarde.com\/?p=81891"},"modified":"2023-08-20T20:48:35","modified_gmt":"2023-08-20T23:48:35","slug":"preocupacion-de-la-mesa-de-la-produccion-y-el-empleo-de-mendoza-por-los-saqueos","status":"publish","type":"post","link":"https:\/\/corrientesdetarde.com\/index.php\/politica\/preocupacion-de-la-mesa-de-la-produccion-y-el-empleo-de-mendoza-por-los-saqueos\/","title":{"rendered":"Preocupaci\u00f3n de la Mesa de la Producci\u00f3n y el Empleo de Mendoza por los saqueos"},"content":{"rendered":"\n<p>La Mesa de la Producci\u00f3n y el Empleo de Mendoza, emiti\u00f3 un comunicado en el que expresa su profunda preocupaci\u00f3n por los ataques, saqueos, e intentos de saqueos que se han producido este s\u00e1bado en varios comercios de la provincia.<\/p>\n\n\n\n<p>Los representantes de ACOVI \u2013 Asociaci\u00f3n de Cooperativas Vitivinicola; ACDE \u2013 Asociaci\u00f3n Cristiana de Empresas; AEM \u2013 Asociaci\u00f3n Ejecutivos de Mendoza; CEM \u2013 Consejo Empresario de Mendoza; FEM \u2013 Federaci\u00f3n Econ\u00f3mica de Mendoza; UCIM \u2013 Uni\u00f3n Comercial e Industrial de Mendoza; UIM \u2013 Uni\u00f3n Industrial de Mendoza, rechazaron categ\u00f3ricamente este tipo de manifestaciones violentas que afectan en primer lugar la seguridad de las personas, pero tambi\u00e9n la propiedad privada y el derecho a comerciar.<\/p>\n\n\n\n<p>\u201cAdem\u00e1s respaldamos el accionar de las fuerzas de seguridad frente a los hechos acontecidos y solicitamos que se investigue qui\u00e9n o qui\u00e9nes est\u00e1n detr\u00e1s de estos desmanes. Ninguna necesidad, por m\u00e1s justa que sea, justifica estos hechos\u201d, dijeron lso empresarios..<\/p>\n\n\n\n<p>Seg\u00fan las cr\u00f3nicas policiales que se han difundido en los medios de la provincia, calificaron como actos de vandalismo perfectamente organizados. \u201cIncluso se coordinaron por las redes sociales. Esto demuestra claramente que hubo planificaci\u00f3n\u201d, denunciaron.<\/p>\n\n\n\n<p>Los dirigentes informaron que estar\u00e1n en contacto con sus asociados y que elevar\u00e1n cualquier necesidad a las autoridades competentes.<\/p>\n\n\n\n<p>Para finalizar, manifestaron que es fundamental mantener la paz y transmitir tranquilidad a los ciudadanos. \u201cTodo lo que desestabilice la armon\u00eda, la convivencia pac\u00edfica y el derecho a trabajar y ejercer toda industria l\u00edcita, debe ser sancionado con todo el peso de la ley\u201d, sentenciaron.<\/p>\n","protected":false},"excerpt":{"rendered":"<p>La Mesa de la Producci\u00f3n y el Empleo de Mendoza, emiti\u00f3 un comunicado en el que expresa su profunda preocupaci\u00f3n por los ataques, saqueos, e intentos de saqueos que se&hellip; <\/p>\n","protected":false},"author":11,"featured_media":81894,"comment_status":"closed","ping_status":"open","sticky":false,"template":"","format":"standard","meta":{"footnotes":""},"categories":[3],"tags":[134,982],"class_list":["post-81891","post","type-post","status-publish","format-standard","has-post-thumbnail","hentry","category-politica","tag-mendoza","tag-saqueos"],"_links":{"self":[{"href":"https:\/\/corrientesdetarde.com\/index.php\/wp-json\/wp\/v2\/posts\/81891","targetHints":{"allow":["GET"]}}],"collection":[{"href":"https:\/\/corrientesdetarde.com\/index.php\/wp-json\/wp\/v2\/posts"}],"about":[{"href":"https:\/\/corrientesdetarde.com\/index.php\/wp-json\/wp\/v2\/types\/post"}],"author":[{"embeddable":true,"href":"https:\/\/corrientesdetarde.com\/index.php\/wp-json\/wp\/v2\/users\/11"}],"replies":[{"embeddable":true,"href":"https:\/\/corrientesdetarde.com\/index.php\/wp-json\/wp\/v2\/comments?post=81891"}],"version-history":[{"count":1,"href":"https:\/\/corrientesdetarde.com\/index.php\/wp-json\/wp\/v2\/posts\/81891\/revisions"}],"predecessor-version":[{"id":81895,"href":"https:\/\/corrientesdetarde.com\/index.php\/wp-json\/wp\/v2\/posts\/81891\/revisions\/81895"}],"wp:featuredmedia":[{"embeddable":true,"href":"https:\/\/corrientesdetarde.com\/index.php\/wp-json\/wp\/v2\/media\/81894"}],"wp:attachment":[{"href":"https:\/\/corrientesdetarde.com\/index.php\/wp-json\/wp\/v2\/media?parent=81891"}],"wp:term":[{"taxonomy":"category","embeddable":true,"href":"https:\/\/corrientesdetarde.com\/index.php\/wp-json\/wp\/v2\/categories?post=81891"},{"taxonomy":"post_tag","embeddable":true,"href":"https:\/\/corrientesdetarde.com\/index.php\/wp-json\/wp\/v2\/tags?post=81891"}],"curies":[{"name":"wp","href":"https:\/\/api.w.org\/{rel}","templated":true}]}}