{"id":82263,"date":"2023-08-22T16:11:28","date_gmt":"2023-08-22T19:11:28","guid":{"rendered":"https:\/\/corrientesdetarde.com\/?p=82263"},"modified":"2023-08-22T16:11:40","modified_gmt":"2023-08-22T19:11:40","slug":"fatima-florez-teme-que-su-relacion-con-milei-sea-vista-como-una-movida-politica-es-lo-ultimo-que-queremos","status":"publish","type":"post","link":"https:\/\/corrientesdetarde.com\/index.php\/sociales\/fatima-florez-teme-que-su-relacion-con-milei-sea-vista-como-una-movida-politica-es-lo-ultimo-que-queremos\/","title":{"rendered":"F\u00e1tima Florez teme que su relaci\u00f3n con Milei sea vista como una movida pol\u00edtica: \u201cEs lo \u00faltimo que queremos\u201d"},"content":{"rendered":"\n<p>La imitadora quiso disipar los crecientes rumores y aclarar que su v\u00ednculo con el candidato presidencial no fue motivada por la pol\u00edtica.<\/p>\n\n\n\n<p>Una vez que la periodista Marina Calabr\u00f3 se encarg\u00f3 de revelar el v\u00ednculo amoroso entre Javier Milei y\u00a0F\u00e1tima Flores,\u00a0<strong>muchos se permiten dudar sobre su veracidad<\/strong>. De hecho, desde algunos espacios medi\u00e1ticos\u00a0<strong>se cree que esta relaci\u00f3n forma parte de una movida de prensa<\/strong>, como parte de las estrategias de campa\u00f1a del candidato presidencial de cara a las elecciones de octubre pr\u00f3ximo.<\/p>\n\n\n\n<p>Instalado el rumor, la humorista quiso pronunciarse al respecto y aclarar t\u00e9rminos. Por esta raz\u00f3n, ante las consultas del conductor de\u00a0<em>LAM (Am\u00e9rica)\u00a0<\/em>F\u00e1tima aprovech\u00f3 para sincerar este aspecto p\u00fablico de su noviazgo con el libertario: \u201c<strong>Lo \u00faltimo que queremos es que se piense que es una construcci\u00f3n pol\u00edtica\u201d.<\/strong><\/p>\n\n\n\n<figure class=\"wp-block-image\"><img decoding=\"async\" src=\"https:\/\/tn.com.ar\/resizer\/f4sLfS2BxhmnthN-JBeUZoArIU0=\/767x0\/smart\/filters:format(webp)\/cloudfront-us-east-1.images.arcpublishing.com\/artear\/K7MZNAHUSFGNPMV3YBVLHOWFRA.jpg\" alt=\"El romance entre Javier Milei y F\u00e1tima Florez empez\u00f3 en el programa de Mirtha Legrand. (Foto: Instagram \/ mirthalegrand)\"\/><\/figure>\n\n\n\n<p>Frente a la respuesta de Florez, en el piso de&nbsp;<em>Am\u00e9rica&nbsp;<\/em>hubo consenso al concluir que, contrario a lo que se cree, este romance podr\u00eda perjudicar la carrera actoral de F\u00e1tima. A esto, de Brito sum\u00f3 la percepci\u00f3n que algunos tienen con respecto a esta noticia:&nbsp;<strong>Est\u00e1n todos diciendo que ac\u00e1 hay plata de por medio, que lo hacen para la campa\u00f1a, que por eso justo lo dicen ahora<\/strong>\u201d.<\/p>\n\n\n\n<p>Sin embargo, la imitadora se mantuvo firme en su posici\u00f3n y se separ\u00f3 de la actividad pol\u00edtica del economista:<strong>&nbsp;\u201cYo no tengo nada que ver con esto (la pol\u00edtica) ni me interesa\u201d.<\/strong><\/p>\n\n\n\n<h2 class=\"wp-block-heading\">Se\u00f1alaron a Javier Milei como el tercero en discordia entre F\u00e1tima Florez y Norberto Marcos: los motivos<\/h2>\n\n\n\n<p>Este lunes,\u00a0Javier Milei y F\u00e1tima Flores\u00a0est\u00e1n en pareja. Luego de confirmar el romance, se supo que est\u00e1n de\u00a0<strong>novios desde hace 45 d\u00edas<\/strong>, y que se conocieron\u00a09 meses atras en la mesa de Mirtha Legrand.<\/p>\n\n\n\n<p>Despu\u00e9s de conocerse esos datos, surgi\u00f3 la versi\u00f3n de que el l\u00edder de La Libertad Avanza habr\u00eda sido el\u00a0<strong>tercero en discordia entre la humorista y\u00a0<\/strong>Norberto Marcos. quienes estuvieron 22 a\u00f1os en pareja. La relaci\u00f3n entre ellos hab\u00eda terminado de manera dudosa ya que ambos dijeron que\u00a0<strong>estaban en un \u201cimpasse\u201d<\/strong>\u00a0pero que dejaban la puerta abierta a la reconciliaci\u00f3n.<\/p>\n\n\n\n<figure class=\"wp-block-image\"><img decoding=\"async\" src=\"https:\/\/tn.com.ar\/resizer\/yYlmuqOrE_Es5fMHq2dzkvchGwM=\/767x0\/smart\/filters:format(webp)\/cloudfront-us-east-1.images.arcpublishing.com\/artear\/HLVSQFG5DVAFZIOHVS6CDKQYQE.jpg\" alt=\"Marina Calabr\u00f3 cont\u00f3 que Norberto Marcos apostaba a una reconciliaci\u00f3n con F\u00e1tima Florez pero todo se desmoron\u00f3 cuando se enter\u00f3 del romance con Javier Milei. (Foto: NA - Captura eltrece).\"\/><\/figure>\n\n\n\n<p><strong>\u201cEsto fue en diciembre, F\u00e1tima estaba en pareja\u201d<\/strong>, expres\u00f3 Gabriel Schultz al aire de&nbsp;<em>Pol\u00e9mica en el bar (Am\u00e9rica)<\/em>, haciendo referencia al d\u00eda en que Javier y F\u00e1tima se encontraron en el programa de Mirtha.&nbsp;<strong>\u201cLe tir\u00f3 los galgos\u201d<\/strong>, sum\u00f3 Marcela Tinayre por el&nbsp;<strong>coqueteo que se ve\u00eda entre ellos<\/strong>.<\/p>\n\n\n\n<p>Por eso, empezaron a cuestionar la posibilidad de que el libertario y la imitadora hayan empezado a consolidar su v\u00ednculo cuando ella a\u00fan estaba en pareja con su ex. \u201cLe resta, le quita votos porque&nbsp;<strong>\u00e9l critica la casta&nbsp;<\/strong>pero lo primero que hac\u00eda la casta era ligarse a la far\u00e1ndula\u201d, opin\u00f3 Alfa sobre este reciente v\u00ednculo.<\/p>\n\n\n\n<p>Adem\u00e1s, trascendi\u00f3 que&nbsp;<strong>est\u00e1n de novios hace 45 d\u00edas<\/strong>. En ese per\u00edodo, m\u00e1s precisamente el 14 de julio, F\u00e1tima fue como \u201cangelita\u201d invitada a&nbsp;<em>LAM (Am\u00e9rica)<\/em>&nbsp;y se angusti\u00f3 por el final de su relaci\u00f3n con el empresario teatral. \u201c<strong>Estaba llorando por Norberto pero ya hab\u00eda empezado con Milei\u201d<\/strong>, lanz\u00f3&nbsp;<strong>\u00c1ngel De Brito<\/strong>&nbsp;en&nbsp;<em>DDM (Am\u00e9rica)<\/em>.<\/p>\n","protected":false},"excerpt":{"rendered":"<p>La imitadora quiso disipar los crecientes rumores y aclarar que su v\u00ednculo con el candidato presidencial no fue motivada por la pol\u00edtica. Una vez que la periodista Marina Calabr\u00f3 se&hellip; <\/p>\n","protected":false},"author":8,"featured_media":82264,"comment_status":"closed","ping_status":"open","sticky":false,"template":"","format":"standard","meta":{"footnotes":""},"categories":[17],"tags":[],"class_list":["post-82263","post","type-post","status-publish","format-standard","has-post-thumbnail","hentry","category-sociales"],"_links":{"self":[{"href":"https:\/\/corrientesdetarde.com\/index.php\/wp-json\/wp\/v2\/posts\/82263","targetHints":{"allow":["GET"]}}],"collection":[{"href":"https:\/\/corrientesdetarde.com\/index.php\/wp-json\/wp\/v2\/posts"}],"about":[{"href":"https:\/\/corrientesdetarde.com\/index.php\/wp-json\/wp\/v2\/types\/post"}],"author":[{"embeddable":true,"href":"https:\/\/corrientesdetarde.com\/index.php\/wp-json\/wp\/v2\/users\/8"}],"replies":[{"embeddable":true,"href":"https:\/\/corrientesdetarde.com\/index.php\/wp-json\/wp\/v2\/comments?post=82263"}],"version-history":[{"count":1,"href":"https:\/\/corrientesdetarde.com\/index.php\/wp-json\/wp\/v2\/posts\/82263\/revisions"}],"predecessor-version":[{"id":82265,"href":"https:\/\/corrientesdetarde.com\/index.php\/wp-json\/wp\/v2\/posts\/82263\/revisions\/82265"}],"wp:featuredmedia":[{"embeddable":true,"href":"https:\/\/corrientesdetarde.com\/index.php\/wp-json\/wp\/v2\/media\/82264"}],"wp:attachment":[{"href":"https:\/\/corrientesdetarde.com\/index.php\/wp-json\/wp\/v2\/media?parent=82263"}],"wp:term":[{"taxonomy":"category","embeddable":true,"href":"https:\/\/corrientesdetarde.com\/index.php\/wp-json\/wp\/v2\/categories?post=82263"},{"taxonomy":"post_tag","embeddable":true,"href":"https:\/\/corrientesdetarde.com\/index.php\/wp-json\/wp\/v2\/tags?post=82263"}],"curies":[{"name":"wp","href":"https:\/\/api.w.org\/{rel}","templated":true}]}}