{"id":82269,"date":"2023-08-22T18:22:36","date_gmt":"2023-08-22T21:22:36","guid":{"rendered":"https:\/\/corrientesdetarde.com\/?p=82269"},"modified":"2023-08-22T18:22:48","modified_gmt":"2023-08-22T21:22:48","slug":"fernandez-sin-agenda-massa-en-eeuu-anibal-niega-saqueos-y-se-discute-la-campana-de-up","status":"publish","type":"post","link":"https:\/\/corrientesdetarde.com\/index.php\/opinion\/fernandez-sin-agenda-massa-en-eeuu-anibal-niega-saqueos-y-se-discute-la-campana-de-up\/","title":{"rendered":"Fern\u00e1ndez sin agenda, Massa en EEUU, An\u00edbal niega saqueos y se discute la campa\u00f1a de UP"},"content":{"rendered":"\n<p><strong>Por Juan Pablo Peralta desde Casa Rosada<\/strong><\/p>\n\n\n\n<p>El presidente Alberto Fern\u00e1ndez arranc\u00f3 otra semana sin agendas p\u00fablicas, aunque lleg\u00f3 a Casa Rosada en helic\u00f3ptero sin que se informara qu\u00e9 hizo en su despacho oficial. Tampoco tuvieron actividades sus ministros, salvo Sergio Massa, que se encuentra en Washington para conseguir desembolsos del FMI y otros organismos como el BID.<\/p>\n\n\n\n<figure class=\"wp-block-embed is-type-video is-provider-youtube wp-block-embed-youtube wp-embed-aspect-16-9 wp-has-aspect-ratio\"><div class=\"wp-block-embed__wrapper\">\n<iframe loading=\"lazy\" title=\"Fern\u00e1ndez sin agenda, Massa en EEUU, An\u00edbal niega saqueos y se discute la campa\u00f1a de UP\" width=\"1110\" height=\"624\" src=\"https:\/\/www.youtube.com\/embed\/kvXsG5qT87A?feature=oembed\" frameborder=\"0\" allow=\"accelerometer; autoplay; clipboard-write; encrypted-media; gyroscope; picture-in-picture; web-share\" allowfullscreen><\/iframe>\n<\/div><\/figure>\n\n\n\n<p> En ese contexto, el titular de la cartera de seguridad, An\u00edbal Fern\u00e1ndez, minimiz\u00f3 los saqueos catalog\u00e1ndolos de hechos delictivos, mientras al interior de Uni\u00f3n por la Patria hay discusiones por el redise\u00f1o de la campa\u00f1a electoral y la falta de iniciativas frente al triunfo de Javier Milei en las PASO.<\/p>\n","protected":false},"excerpt":{"rendered":"<p>Por Juan Pablo Peralta desde Casa Rosada El presidente Alberto Fern\u00e1ndez arranc\u00f3 otra semana sin agendas p\u00fablicas, aunque lleg\u00f3 a Casa Rosada en helic\u00f3ptero sin que se informara qu\u00e9 hizo&hellip; <\/p>\n","protected":false},"author":11,"featured_media":68591,"comment_status":"closed","ping_status":"open","sticky":false,"template":"","format":"standard","meta":{"footnotes":""},"categories":[35],"tags":[],"class_list":["post-82269","post","type-post","status-publish","format-standard","has-post-thumbnail","hentry","category-opinion"],"_links":{"self":[{"href":"https:\/\/corrientesdetarde.com\/index.php\/wp-json\/wp\/v2\/posts\/82269","targetHints":{"allow":["GET"]}}],"collection":[{"href":"https:\/\/corrientesdetarde.com\/index.php\/wp-json\/wp\/v2\/posts"}],"about":[{"href":"https:\/\/corrientesdetarde.com\/index.php\/wp-json\/wp\/v2\/types\/post"}],"author":[{"embeddable":true,"href":"https:\/\/corrientesdetarde.com\/index.php\/wp-json\/wp\/v2\/users\/11"}],"replies":[{"embeddable":true,"href":"https:\/\/corrientesdetarde.com\/index.php\/wp-json\/wp\/v2\/comments?post=82269"}],"version-history":[{"count":1,"href":"https:\/\/corrientesdetarde.com\/index.php\/wp-json\/wp\/v2\/posts\/82269\/revisions"}],"predecessor-version":[{"id":82270,"href":"https:\/\/corrientesdetarde.com\/index.php\/wp-json\/wp\/v2\/posts\/82269\/revisions\/82270"}],"wp:featuredmedia":[{"embeddable":true,"href":"https:\/\/corrientesdetarde.com\/index.php\/wp-json\/wp\/v2\/media\/68591"}],"wp:attachment":[{"href":"https:\/\/corrientesdetarde.com\/index.php\/wp-json\/wp\/v2\/media?parent=82269"}],"wp:term":[{"taxonomy":"category","embeddable":true,"href":"https:\/\/corrientesdetarde.com\/index.php\/wp-json\/wp\/v2\/categories?post=82269"},{"taxonomy":"post_tag","embeddable":true,"href":"https:\/\/corrientesdetarde.com\/index.php\/wp-json\/wp\/v2\/tags?post=82269"}],"curies":[{"name":"wp","href":"https:\/\/api.w.org\/{rel}","templated":true}]}}