{"id":82488,"date":"2023-08-23T14:57:51","date_gmt":"2023-08-23T17:57:51","guid":{"rendered":"https:\/\/corrientesdetarde.com\/?p=82488"},"modified":"2023-08-23T14:58:03","modified_gmt":"2023-08-23T17:58:03","slug":"la-oposicion-logro-el-quorum-para-debatir-una-nueva-ley-de-alquileres","status":"publish","type":"post","link":"https:\/\/corrientesdetarde.com\/index.php\/politica\/la-oposicion-logro-el-quorum-para-debatir-una-nueva-ley-de-alquileres\/","title":{"rendered":"\u00a0la oposici\u00f3n logr\u00f3 el quorum para debatir una nueva ley de Alquileres"},"content":{"rendered":"\n<p>Desde el oficialismo, que defiende la actual norma, impidieron la posibilidad de que sea derogada.<\/p>\n\n\n\n<p>Con lo justo,<strong>&nbsp;la oposici\u00f3n logr\u00f3 el quorum para debatir una nueva ley de Alquileres.<\/strong>&nbsp;Sin embargo desde el oficialismo, que defiende la actual norma,<strong>&nbsp;impidieron que sea derogada.<\/strong><\/p>\n\n\n\n<p>Con ese tel\u00f3n de fondo, el bloque opositor negocia \u201cun cambio en la actualizaci\u00f3n\u201d que incluye bajarla a cuatro meses. Esto, se\u00f1alaron fuentes de Juntos por el Cambio, implicar\u00eda un<strong>\u00a0\u201ccamino intermedio entre la derogaci\u00f3n que piden los m\u00e1s duros y los bloques del medio\u201d.<\/strong><\/p>\n\n\n\n<p>\u201cSer\u00eda una mejora grande frente a la ley actual, que acordamos y entendemos, es un cambio temporal hasta que tengamos el n\u00famero para derogar\u201d, destacaron.<\/p>\n\n\n\n<p>Desde el mediod\u00eda, Diputados se encuentra sesionando. La votaci\u00f3n se dio en medio de cruces entre la presidenta de la C\u00e1mara Baja, Cecilia Moureau, y los diputados opositores.<\/p>\n\n\n\n<figure class=\"wp-block-image\"><img decoding=\"async\" src=\"https:\/\/tn.com.ar\/resizer\/K5FAtTEx6BR8PqqsT5VzINvcv8A=\/767x0\/smart\/filters:format(webp)\/cloudfront-us-east-1.images.arcpublishing.com\/artear\/RONWDIEWFRB6BETE5OFOE2ZDDM.jpg\" alt=\"La oposici\u00f3n logro quorum para tratar la reforma de la Ley de Alquileres. (Foto: NA - Juan Vargas).\"\/><\/figure>\n\n\n\n<p>Finalmente, la derogaci\u00f3n termin\u00f3 con 110 votos negativos y 124 votos afirmativos. Como no tienen dictamen de comisi\u00f3n, los diputados opositores deb\u00edan alcanzar los dos tercios, pero ante el rechazo del oficialismo, no alcanz\u00f3 los votos necesarios para avanzar con la derogaci\u00f3n de la Ley de Alquileres.<\/p>\n\n\n\n<p>Con este panorama, los diputados de Juntos por el Cambio buscar\u00e1n realizar modificaciones entre las que se encuentran acortar el plazo para la actualizaci\u00f3n de los valores de alquileres, y retrotraer la vigencia de los contratos de tres a dos a\u00f1os.<\/p>\n\n\n\n<p>La sesi\u00f3n de este mediod\u00eda fue citada para tratar todos los dict\u00e1menes y proyectos vinculados con la ley de Alquileres, norma cuestionada desde el momento mismo de su sanci\u00f3n hace tres a\u00f1os, apoyada originalmente por casi todo el arco pol\u00edtico.<\/p>\n\n\n\n<p><strong>\u201cLas leyes se hacen para proteger al m\u00e1s d\u00e9bil,<\/strong>&nbsp;el m\u00e1s fuerte no necesita leyes. Todos tenemos el derecho a una vivienda digna y adecuada. Adecuado quiere decir seguridad en la tenencia y el sentido de la asequibilidad. \u00bfPor qu\u00e9 planteamos la idea de mantener los tres a\u00f1os de alquiler? Porque los que alquilan son los j\u00f3venes, parejas reci\u00e9n conformadas, gente que tiene menos recursos y cierta estabilidad hace la idea de adecuado,<strong>&nbsp;acortar esos tiempos es sacarles calidad y poner riesgos\u201d<\/strong>, expres\u00f3 el diputado oficialista,<strong>&nbsp;Carlos Heller.<\/strong><\/p>\n\n\n\n<p>Asimismo, agreg\u00f3: \u201cTenemos una ley que todo el mundo dice que no se cumple, adem\u00e1s de que la mayor\u00eda de los contratos se formulan por fuera de la ley. Es grav\u00edsimo y tendr\u00edamos que estar pensando c\u00f3mo hacer para que est\u00e9n registrados dentro de lo que establece la ley. Pero aparece la otra oferta, en algunas plataformas o en moneda extranjera, que es ilegal. Entonces&nbsp;<strong>el m\u00e1s d\u00e9bil de la ecuaci\u00f3n termina aceptando que no son legales, que no puede cumplir y que le quitan calidad de vida\u201d.<\/strong><\/p>\n","protected":false},"excerpt":{"rendered":"<p>Desde el oficialismo, que defiende la actual norma, impidieron la posibilidad de que sea derogada. Con lo justo,&nbsp;la oposici\u00f3n logr\u00f3 el quorum para debatir una nueva ley de Alquileres.&nbsp;Sin embargo&hellip; <\/p>\n","protected":false},"author":8,"featured_media":82489,"comment_status":"closed","ping_status":"open","sticky":false,"template":"","format":"standard","meta":{"footnotes":""},"categories":[3],"tags":[],"class_list":["post-82488","post","type-post","status-publish","format-standard","has-post-thumbnail","hentry","category-politica"],"_links":{"self":[{"href":"https:\/\/corrientesdetarde.com\/index.php\/wp-json\/wp\/v2\/posts\/82488","targetHints":{"allow":["GET"]}}],"collection":[{"href":"https:\/\/corrientesdetarde.com\/index.php\/wp-json\/wp\/v2\/posts"}],"about":[{"href":"https:\/\/corrientesdetarde.com\/index.php\/wp-json\/wp\/v2\/types\/post"}],"author":[{"embeddable":true,"href":"https:\/\/corrientesdetarde.com\/index.php\/wp-json\/wp\/v2\/users\/8"}],"replies":[{"embeddable":true,"href":"https:\/\/corrientesdetarde.com\/index.php\/wp-json\/wp\/v2\/comments?post=82488"}],"version-history":[{"count":1,"href":"https:\/\/corrientesdetarde.com\/index.php\/wp-json\/wp\/v2\/posts\/82488\/revisions"}],"predecessor-version":[{"id":82490,"href":"https:\/\/corrientesdetarde.com\/index.php\/wp-json\/wp\/v2\/posts\/82488\/revisions\/82490"}],"wp:featuredmedia":[{"embeddable":true,"href":"https:\/\/corrientesdetarde.com\/index.php\/wp-json\/wp\/v2\/media\/82489"}],"wp:attachment":[{"href":"https:\/\/corrientesdetarde.com\/index.php\/wp-json\/wp\/v2\/media?parent=82488"}],"wp:term":[{"taxonomy":"category","embeddable":true,"href":"https:\/\/corrientesdetarde.com\/index.php\/wp-json\/wp\/v2\/categories?post=82488"},{"taxonomy":"post_tag","embeddable":true,"href":"https:\/\/corrientesdetarde.com\/index.php\/wp-json\/wp\/v2\/tags?post=82488"}],"curies":[{"name":"wp","href":"https:\/\/api.w.org\/{rel}","templated":true}]}}