{"id":82491,"date":"2023-08-23T14:59:24","date_gmt":"2023-08-23T17:59:24","guid":{"rendered":"https:\/\/corrientesdetarde.com\/?p=82491"},"modified":"2023-08-23T14:59:36","modified_gmt":"2023-08-23T17:59:36","slug":"alberto-fernandez-reaparecio-y-hablo-de-los-saqueos-a-comercios","status":"publish","type":"post","link":"https:\/\/corrientesdetarde.com\/index.php\/nacionales\/alberto-fernandez-reaparecio-y-hablo-de-los-saqueos-a-comercios\/","title":{"rendered":"Alberto Fern\u00e1ndez reapareci\u00f3 y habl\u00f3 de los saqueos a comercios"},"content":{"rendered":"\n<p>\u201cHemos vivido mucha violencia en la Argentina\u201d, agreg\u00f3 el Presidente en un acto en Neuqu\u00e9n junto al gobernador Omar Guti\u00e9rrez.<\/p>\n\n\n\n<p>\u201cB\u00e1sicamente no hablo porque no soy candidato\u201d, dijo&nbsp;<strong>Alberto Fern\u00e1ndez<\/strong>&nbsp;en un acto en Neuqu\u00e9n. Sin embargo, dio su postura sobre los ataques a comercios. \u201cLes pido que cuidemos la tranquilidad y la paz social\u201d, afirm\u00f3, y agreg\u00f3: \u201cHemos vivido mucha violencia en la Argentina\u201d.<\/p>\n","protected":false},"excerpt":{"rendered":"<p>\u201cHemos vivido mucha violencia en la Argentina\u201d, agreg\u00f3 el Presidente en un acto en Neuqu\u00e9n junto al gobernador Omar Guti\u00e9rrez. \u201cB\u00e1sicamente no hablo porque no soy candidato\u201d, dijo&nbsp;Alberto Fern\u00e1ndez&nbsp;en un&hellip; <\/p>\n","protected":false},"author":8,"featured_media":82492,"comment_status":"closed","ping_status":"open","sticky":false,"template":"","format":"standard","meta":{"footnotes":""},"categories":[10],"tags":[],"class_list":["post-82491","post","type-post","status-publish","format-standard","has-post-thumbnail","hentry","category-nacionales"],"_links":{"self":[{"href":"https:\/\/corrientesdetarde.com\/index.php\/wp-json\/wp\/v2\/posts\/82491","targetHints":{"allow":["GET"]}}],"collection":[{"href":"https:\/\/corrientesdetarde.com\/index.php\/wp-json\/wp\/v2\/posts"}],"about":[{"href":"https:\/\/corrientesdetarde.com\/index.php\/wp-json\/wp\/v2\/types\/post"}],"author":[{"embeddable":true,"href":"https:\/\/corrientesdetarde.com\/index.php\/wp-json\/wp\/v2\/users\/8"}],"replies":[{"embeddable":true,"href":"https:\/\/corrientesdetarde.com\/index.php\/wp-json\/wp\/v2\/comments?post=82491"}],"version-history":[{"count":1,"href":"https:\/\/corrientesdetarde.com\/index.php\/wp-json\/wp\/v2\/posts\/82491\/revisions"}],"predecessor-version":[{"id":82493,"href":"https:\/\/corrientesdetarde.com\/index.php\/wp-json\/wp\/v2\/posts\/82491\/revisions\/82493"}],"wp:featuredmedia":[{"embeddable":true,"href":"https:\/\/corrientesdetarde.com\/index.php\/wp-json\/wp\/v2\/media\/82492"}],"wp:attachment":[{"href":"https:\/\/corrientesdetarde.com\/index.php\/wp-json\/wp\/v2\/media?parent=82491"}],"wp:term":[{"taxonomy":"category","embeddable":true,"href":"https:\/\/corrientesdetarde.com\/index.php\/wp-json\/wp\/v2\/categories?post=82491"},{"taxonomy":"post_tag","embeddable":true,"href":"https:\/\/corrientesdetarde.com\/index.php\/wp-json\/wp\/v2\/tags?post=82491"}],"curies":[{"name":"wp","href":"https:\/\/api.w.org\/{rel}","templated":true}]}}