{"id":82598,"date":"2023-08-23T21:26:28","date_gmt":"2023-08-24T00:26:28","guid":{"rendered":"https:\/\/corrientesdetarde.com\/?p=82598"},"modified":"2023-08-23T21:26:39","modified_gmt":"2023-08-24T00:26:39","slug":"rusia-aseguro-que-frustro-un-ataque-con-drones-en-moscu-y-reporto-tres-muertos-en-zona-fronteriza","status":"publish","type":"post","link":"https:\/\/corrientesdetarde.com\/index.php\/internacionales\/rusia-aseguro-que-frustro-un-ataque-con-drones-en-moscu-y-reporto-tres-muertos-en-zona-fronteriza\/","title":{"rendered":"Rusia asegur\u00f3 que frustr\u00f3 un ataque con drones en Mosc\u00fa y report\u00f3 tres muertos en zona fronteriza"},"content":{"rendered":"\n<p>Mientras tanto, el exmandatario Dmitri Medv\u00e9dev\u00a0afirm\u00f3 que Mosc\u00fa podr\u00eda disponer la anexi\u00f3n de las\u00a0regiones separatistas georgianas de Osetia del Sur y Abjasia.<\/p>\n\n\n\n<p><strong>Rusia inform\u00f3 este mi\u00e9rcoles que hab\u00eda frustrado un nuevo ataque&nbsp;ucraniano con drones contra Mosc\u00fa<\/strong>, pero tres personas murieron en&nbsp;un incidente similar cerca de la frontera&nbsp;ucraniana.<\/p>\n\n\n\n<p><strong>El gobernador de la regi\u00f3n de B\u00e9lgorod, vecina de Ucrania y objeto&nbsp;de frecuentes ataques, revel\u00f3 que el dron hab\u00eda alcanzado un&nbsp;sanatorio<\/strong>&nbsp;en un pueblo. Dijo que dos personas hab\u00edan muerto en el&nbsp;acto y que los m\u00e9dicos no hab\u00edan podido salvar la vida de la&nbsp;tercera.<\/p>\n\n\n\n<p><strong>Seg\u00fan las informaciones, el intento de ataque en Mosc\u00fa no hiri\u00f3 a&nbsp;nadie<\/strong>&nbsp;y s\u00f3lo pareci\u00f3 causar da\u00f1os menores. Fue el m\u00e1s reciente&nbsp;de una serie de incidentes similares y ha obligado de nuevo a los&nbsp;aeropuertos moscovitas a suspender brevemente los vuelos por&nbsp;precauci\u00f3n.<\/p>\n\n\n\n<p><strong>El Ministerio de Defensa declar\u00f3 que las fuerzas de defensa&nbsp;antia\u00e9rea cercanas a la capital hab\u00edan derribado dos drones sobre&nbsp;los distritos de Mozhaiski y Jimki,<\/strong>&nbsp;en la regi\u00f3n de Mosc\u00fa.<\/p>\n\n\n\n<p><strong>Un tercero se hab\u00eda atascado y perdido el control,<\/strong>&nbsp;pero impact\u00f3&nbsp;contra un rascacielos en construcci\u00f3n en un distrito financiero de&nbsp;Mosc\u00fa. El&nbsp; mismo distrito, conocido como Ciudad de Mosc\u00fa, sufri\u00f3&nbsp;dos impactos en tres d\u00edas a principios de mes.<\/p>\n\n\n\n<p>La agencia de noticias estatal TASS inform\u00f3 de que&nbsp;<strong>los cristales&nbsp;de tres plantas del rascacielos hab\u00edan resultado da\u00f1ados<\/strong>. V\u00eddeos&nbsp;no&nbsp; verificados en redes sociales mostraban da\u00f1os menores de los&nbsp;otros dos drones que hab\u00edan sido destruidos.<\/p>\n\n\n\n<p><strong>No hubo comentarios inmediatos de Ucrania, que rara vez asume la&nbsp;responsabilidad directa de los ataques con drones en territorio&nbsp;ruso o en zonas controladas por Rusia<\/strong>, pero que parece haber&nbsp;intensificado dichos ataques desde que dos drones fueron&nbsp;destruidos sobre el Kremlin a principios de mayo.<\/p>\n\n\n\n<p><strong>La autoridad estatal rusa de aviaci\u00f3n confirm\u00f3 que todos los&nbsp;aeropuertos de Mosc\u00fa operaban despu\u00e9s con normalidad tras&nbsp;imponerse una&nbsp; suspensi\u00f3n temporal de vuelos.<\/strong><\/p>\n\n\n\n<h2 class=\"wp-block-heading\">El temerario Medv\u00e9dev prometi\u00f3 anexiones de Abjasia y Osetia del Sur<\/h2>\n\n\n\n<p><strong>El exmandatario ruso Dmitri Medv\u00e9dev<\/strong>, actual vicepresidente del&nbsp;Consejo de Seguridad, afirm\u00f3 que Rusia podr\u00eda anexionar las&nbsp;regiones&nbsp; separatistas georgianas de Osetia del Sur y Abjasia.<\/p>\n\n\n\n<p><strong>&#8220;La idea de unirse a Rusia sigue siendo popular en Abjasia y&nbsp;Osetia del Sur. Es muy posible que se lleve a cabo si hay buenas razones para&nbsp;ello&#8221;,<\/strong>&nbsp;escribi\u00f3 en un art\u00edculo publicado a primera hora&nbsp;del mi\u00e9rcoles por el peri\u00f3dico ruso Argumenty i Fakty.&nbsp;<\/p>\n\n\n\n<p><strong>Georgia perdi\u00f3 el control de las regiones tras el colapso de la&nbsp;Uni\u00f3n Sovi\u00e9tica y&nbsp;<\/strong>Mosc\u00fa reconoci\u00f3 su independencia en 2008, despu\u00e9s&nbsp;de que aquel pa\u00eds buscara recuperar el control de Osetia del Sur por&nbsp;la fuerza, lo que llev\u00f3 a un contraataque ruso.<\/p>\n\n\n\n<p><strong>Si bien las relaciones rusas con Georgia mejoraron desde&nbsp;entonces, Medv\u00e9dev acus\u00f3 a Occidente de crear tensiones en torno&nbsp;al pa\u00eds al discutir su posible admisi\u00f3n a la OTAN.<\/strong><\/p>\n\n\n\n<p><strong>&#8220;No esperaremos a que nuestras preocupaciones se acerquen a la&nbsp;realidad&#8221;,<\/strong>&nbsp;apunt\u00f3 Medv\u00e9dev en una nota que conmemoraba el 15\u00ba&nbsp;aniversario del reconocimiento de la independencia, refiri\u00e9ndose a&nbsp;una posible anexi\u00f3n.<\/p>\n\n\n\n<p><strong>Las autoridades georgianas han manifestado en repetidas ocasiones&nbsp;su compromiso de adherirse a la alianza militar liderada por los Estados Unidos<\/strong>&nbsp;para preservar la integridad territorial del pa\u00eds.<\/p>\n\n\n\n<p><strong>Rusia proclam\u00f3 las anexiones de cuatro provincias de Ucrania en&nbsp;septiembre del a\u00f1o pasado, Donetsk, Luhansk, J\u00e9rson y Zaporiyia,&nbsp;pero ninguna anexi\u00f3n est\u00e1 reconocida internacionalmente.<\/strong><\/p>\n\n\n\n<h2 class=\"wp-block-heading\">La voz de Zelenski<\/h2>\n\n\n\n<p><strong>Entretanto, el presidente de Ucrania, Volod\u00edmir Zelenski, prometi\u00f3 este mi\u00e9rcoles poner fin a la ocupaci\u00f3n rusa de la pen\u00ednsula de Crimea y todas las dem\u00e1s \u00e1reas que Mosc\u00fa controla en su pa\u00eds<\/strong>.<\/p>\n\n\n\n<h2 class=\"wp-block-heading\">La suerte del &#8220;General Armaged\u00f3n&#8221;<\/h2>\n\n\n\n<p><strong>Rusia destituy\u00f3 a Sergei Surovikin, apodado el &#8221;&nbsp;General Armaged\u00f3n&nbsp;&#8220;,<\/strong>&nbsp;como jefe de la fuerza a\u00e9rea despu\u00e9s de que desapareci\u00f3 de la vista del p\u00fablico durante un&nbsp;mot\u00edn&nbsp;mercenario de Wagner contra los altos mandos del ej\u00e9rcito, informaron el mi\u00e9rcoles dos medios de comunicaci\u00f3n rusos.&nbsp;<\/p>\n\n\n\n<p><strong>Surovikin<\/strong>, quien recibi\u00f3 el premio militar m\u00e1s importante de Rusia, es la figura militar rusa de mayor rango en perder su trabajo durante el mot\u00edn del 23 y 34 de junio, que, seg\u00fan el presidente Vladimir Putin, podr\u00eda haber llevado a Rusia a una guerra civil.<\/p>\n","protected":false},"excerpt":{"rendered":"<p>Mientras tanto, el exmandatario Dmitri Medv\u00e9dev\u00a0afirm\u00f3 que Mosc\u00fa podr\u00eda disponer la anexi\u00f3n de las\u00a0regiones separatistas georgianas de Osetia del Sur y Abjasia. Rusia inform\u00f3 este mi\u00e9rcoles que hab\u00eda frustrado un&hellip; <\/p>\n","protected":false},"author":4,"featured_media":82601,"comment_status":"closed","ping_status":"open","sticky":false,"template":"","format":"standard","meta":{"footnotes":""},"categories":[11],"tags":[],"class_list":["post-82598","post","type-post","status-publish","format-standard","has-post-thumbnail","hentry","category-internacionales"],"_links":{"self":[{"href":"https:\/\/corrientesdetarde.com\/index.php\/wp-json\/wp\/v2\/posts\/82598","targetHints":{"allow":["GET"]}}],"collection":[{"href":"https:\/\/corrientesdetarde.com\/index.php\/wp-json\/wp\/v2\/posts"}],"about":[{"href":"https:\/\/corrientesdetarde.com\/index.php\/wp-json\/wp\/v2\/types\/post"}],"author":[{"embeddable":true,"href":"https:\/\/corrientesdetarde.com\/index.php\/wp-json\/wp\/v2\/users\/4"}],"replies":[{"embeddable":true,"href":"https:\/\/corrientesdetarde.com\/index.php\/wp-json\/wp\/v2\/comments?post=82598"}],"version-history":[{"count":1,"href":"https:\/\/corrientesdetarde.com\/index.php\/wp-json\/wp\/v2\/posts\/82598\/revisions"}],"predecessor-version":[{"id":82606,"href":"https:\/\/corrientesdetarde.com\/index.php\/wp-json\/wp\/v2\/posts\/82598\/revisions\/82606"}],"wp:featuredmedia":[{"embeddable":true,"href":"https:\/\/corrientesdetarde.com\/index.php\/wp-json\/wp\/v2\/media\/82601"}],"wp:attachment":[{"href":"https:\/\/corrientesdetarde.com\/index.php\/wp-json\/wp\/v2\/media?parent=82598"}],"wp:term":[{"taxonomy":"category","embeddable":true,"href":"https:\/\/corrientesdetarde.com\/index.php\/wp-json\/wp\/v2\/categories?post=82598"},{"taxonomy":"post_tag","embeddable":true,"href":"https:\/\/corrientesdetarde.com\/index.php\/wp-json\/wp\/v2\/tags?post=82598"}],"curies":[{"name":"wp","href":"https:\/\/api.w.org\/{rel}","templated":true}]}}