{"id":82737,"date":"2023-08-24T13:48:28","date_gmt":"2023-08-24T16:48:28","guid":{"rendered":"https:\/\/corrientesdetarde.com\/?p=82737"},"modified":"2023-08-24T13:48:32","modified_gmt":"2023-08-24T16:48:32","slug":"tassano-participo-de-la-apertura-de-la-cumbre-de-datos-un-evento-con-mas-de-500-inscriptos","status":"publish","type":"post","link":"https:\/\/corrientesdetarde.com\/index.php\/sociales\/tassano-participo-de-la-apertura-de-la-cumbre-de-datos-un-evento-con-mas-de-500-inscriptos\/","title":{"rendered":"Tassano particip\u00f3 de la apertura de la Cumbre de Datos, un evento con m\u00e1s de 500 inscriptos"},"content":{"rendered":"\n<p><em>\u201cApostamos a ser la sociedad moderna, tecnol\u00f3gica, disruptiva e innovadora que queremos para Corrientes\u201d, dijo el intendente en su mensaje por Zoom en el marco de esta propuesta que es desarrollada de manera conjunta entre la Municipalidad y la Provincia. El objetivo es que estudiantes y profesionales adquieran herramientas tecnol\u00f3gicas para el uso de datos y acompa\u00f1en la transformaci\u00f3n digital. La serie de actividades comenz\u00f3 con una capacitaci\u00f3n virtual que forma parte de la Academia, que tendr\u00e1 su pr\u00f3ximo encuentro el 30 de agosto.<\/em><\/p>\n\n\n\n<p>El intendente Eduardo Tassano particip\u00f3 de la apertura de la Cumbre de Datos, un evento orientado a estudiantes y profesionales interesados en las tem\u00e1ticas de transformaci\u00f3n digital que se experimenta en todos los \u00e1mbitos de la sociedad.<br>Se trata de una serie de actividades que registra hasta ahora 550 inscriptos (a\u00fan sigue abierta la inscripci\u00f3n), es organizada por la Municipalidad de Corrientes junto al Gobierno provincial y se extender\u00e1n hasta el 5 de octubre.<br>\u201cEste evento est\u00e1 relacionado con tem\u00e1ticas importantes para la sociedad, con el objetivo de trabajar e ir amig\u00e1ndose con la tecnolog\u00eda y cambiando la mentalidad, progresando hacia una sociedad disruptiva e innovadora\u201d, enfatiz\u00f3 el intendente en el encuentro inicial de la capacitaci\u00f3n virtual llevado a cabo en la tarde de este mi\u00e9rcoles.<br>Al respecto, consider\u00f3 que \u201cesto no se logra de un d\u00eda para el otro, se va construyendo y nosotros, como Municipio, tenemos un lugar central para lo que consideramos los diferentes cap\u00edtulos hacia el desarrollo, ya sea econ\u00f3mico y de b\u00fasqueda de oportunidades, para generar m\u00e1s valor agregado en nuestra sociedad\u201d.<br>Tassano destac\u00f3 que \u201cesta iniciativa y la fuerza del trabajo conjunto con el Gobierno provincial nos pone en ese camino del progreso\u201d.<br>En tanto que desde la Municipalidad \u201cnos llena de orgullo que podamos poner nuestro granito de arena, orient\u00e1ndonos hacia la sociedad moderna, tecnol\u00f3gica, disruptiva e innovadora que queremos para Corrientes\u201d, concluy\u00f3 el intendente en sus palabras de bienvenida a los participantes del evento.<br>Por su parte, el ministro de Hacienda y Finanzas de la Provincia, Marcelo Rivas Piasentini, quien tambi\u00e9n particip\u00f3 de la apertura del encuentro virtual, destac\u00f3 que \u201ces un privilegio compartir esta actividad desarrollada en conjunto con la Municipalidad de Corrientes y el Gobierno de la Provincia con propuestas muy interesantes. El manejo de datos es significativo, lo usamos de manera frecuente y son ejes de las pol\u00edticas p\u00fablicas de ambos gobiernos\u201d, sostuvo, al tiempo que resalt\u00f3 el trabajo desarrollado por el Instituto de Estad\u00edstica y Ciencia de Datos de la Provincia.<br><br>TIEMPOS DE TRANSFORMACIONES<br>En la primera clase virtual -v\u00eda Zoom-, el disertante fue Dar\u00edo Villegas, profesor en la Universidad Nacional del Nordeste (UNNE), profesional t\u00e9cnico del Conicet y quien se encuentra trabajando en el desarrollo de bases de datos de colecciones biol\u00f3gicas.<br>En la ocasi\u00f3n, el especialista manifest\u00f3 su agrado al participar de este tipo de actividades formativas y tambi\u00e9n destac\u00f3 el hecho de que se puedan desarrollar en Corrientes, \u201cya que estamos viviendo tiempos de cambios y transformaci\u00f3n\u201d, contextualiz\u00f3.<br>Asimismo, remarc\u00f3 que \u201ctoda sociedad ocupa los datos; necesitamos incluir aptitudes para manejo y entendimiento de los datos, as\u00ed que espero -desde esta disciplina- aportar mi granito de arena en esta construcci\u00f3n del conocimiento\u201d, expres\u00f3.<br>En su videoconferencia, el docente se explay\u00f3 sobre los fundamentos esenciales relacionados con las bases de datos. Busc\u00f3 tambi\u00e9n que los participantes comprendieran la importancia de los datos como recurso valioso, que aprendan sobre estructuras de bases de datos, tipos de datos y c\u00f3mo manejarlos de manera efectiva.<br><br>TRES INSTANCIAS<br>La Cumbre de Datos consta de tres partes. La primera comenz\u00f3 con este primer encuentro virtual de la Academia; le seguir\u00e1 un Workshop y un concurso Datathon (desde el 20 de septiembre) y est\u00e1 prevista una conferencia de cierre (el 5 de octubre). En estas etapas, las jornadas se distribuyen de forma presencial y online.<br>En cuanto a la Academia, se destaca que consta de cuatro videoconferencias en vivo y gratuitas donde se abordar\u00e1n los siguientes temas: Base de Datos, conceptos b\u00e1sicos (desarrollada en este primer encuentro), Herramientas de Visualizaciones de Datos (30 de agosto), Introducci\u00f3n a la Ciencia de Datos (6 de septiembre) e Introducci\u00f3n a la Inteligencia Artificial (13 de septiembre).<br>Datathon es el concurso de datos que se constituye en un desaf\u00edo. Consiste en que estudiantes y profesionales analicen los datos abiertos del Municipio de Corrientes (en tem\u00e1ticas como salud, ambiente, transporte, entre otros) y presenten lo analizado que podr\u00e1 ser utilizado para la creaci\u00f3n de nuevos proyectos.<br>Est\u00e1 compuesto por dos instancias. El Workshop, evento h\u00edbrido programado para el 20 de septiembre, donde habr\u00e1 paneles de referentes de distintas universidades y la presentaci\u00f3n del portal de datos del Municipio de Corrientes, que ser\u00e1 el insumo de datos con los que quienes participen trabajar\u00e1n en el an\u00e1lisis y la visualizaci\u00f3n.<br>En tanto que la presentaci\u00f3n de trabajos est\u00e1 prevista para el 27 de septiembre. Es un evento virtual donde cada equipo presentar\u00e1 a un jurado compuesto por expertos en la materia, el an\u00e1lisis y la visualizaci\u00f3n de los datos con los que trabajaron.<br>Tambi\u00e9n habr\u00e1 un encuentro especial que marcar\u00e1 el cierre de la Cumbre de Datos y ser\u00e1 el 5 de octubre en el auditorio Juli\u00e1n Zini (Blas Benjam\u00edn de la Vega 1699), con conferencias magistrales y paneles sobre la relevancia de la utilizaci\u00f3n de datos en la toma de decisiones para el sector p\u00fablico y charlas del sector privado. En este marco, se dar\u00e1n a conocer casos de \u00e9xito en el uso de los datos como herramientas tecnol\u00f3gicas a utilizar en el mundo de los datos. Adem\u00e1s, se realizar\u00e1 la entrega de los premios del concurso Datathon.<\/p>\n\n\n\n<figure class=\"wp-block-image size-large\"><img loading=\"lazy\" decoding=\"async\" width=\"1024\" height=\"578\" src=\"https:\/\/corrientesdetarde.com\/wp-content\/uploads\/2023\/08\/image-664-1024x578.png\" alt=\"\" class=\"wp-image-82738\" srcset=\"https:\/\/corrientesdetarde.com\/wp-content\/uploads\/2023\/08\/image-664-1024x578.png 1024w, https:\/\/corrientesdetarde.com\/wp-content\/uploads\/2023\/08\/image-664-300x169.png 300w, https:\/\/corrientesdetarde.com\/wp-content\/uploads\/2023\/08\/image-664-768x434.png 768w, https:\/\/corrientesdetarde.com\/wp-content\/uploads\/2023\/08\/image-664.png 1280w\" sizes=\"auto, (max-width: 1024px) 100vw, 1024px\" \/><\/figure>\n\n\n\n<figure class=\"wp-block-image size-large\"><img loading=\"lazy\" decoding=\"async\" width=\"1024\" height=\"682\" src=\"https:\/\/corrientesdetarde.com\/wp-content\/uploads\/2023\/08\/image-665-1024x682.png\" alt=\"\" class=\"wp-image-82739\" srcset=\"https:\/\/corrientesdetarde.com\/wp-content\/uploads\/2023\/08\/image-665-1024x682.png 1024w, https:\/\/corrientesdetarde.com\/wp-content\/uploads\/2023\/08\/image-665-300x200.png 300w, https:\/\/corrientesdetarde.com\/wp-content\/uploads\/2023\/08\/image-665-768x512.png 768w, https:\/\/corrientesdetarde.com\/wp-content\/uploads\/2023\/08\/image-665.png 1280w\" sizes=\"auto, (max-width: 1024px) 100vw, 1024px\" \/><\/figure>\n\n\n\n<figure class=\"wp-block-image size-large\"><img loading=\"lazy\" decoding=\"async\" width=\"1024\" height=\"578\" src=\"https:\/\/corrientesdetarde.com\/wp-content\/uploads\/2023\/08\/image-666-1024x578.png\" alt=\"\" class=\"wp-image-82740\" srcset=\"https:\/\/corrientesdetarde.com\/wp-content\/uploads\/2023\/08\/image-666-1024x578.png 1024w, https:\/\/corrientesdetarde.com\/wp-content\/uploads\/2023\/08\/image-666-300x169.png 300w, https:\/\/corrientesdetarde.com\/wp-content\/uploads\/2023\/08\/image-666-768x434.png 768w, https:\/\/corrientesdetarde.com\/wp-content\/uploads\/2023\/08\/image-666.png 1280w\" sizes=\"auto, (max-width: 1024px) 100vw, 1024px\" \/><\/figure>\n","protected":false},"excerpt":{"rendered":"<p>\u201cApostamos a ser la sociedad moderna, tecnol\u00f3gica, disruptiva e innovadora que queremos para Corrientes\u201d, dijo el intendente en su mensaje por Zoom en el marco de esta propuesta que es&hellip; <\/p>\n","protected":false},"author":8,"featured_media":82741,"comment_status":"closed","ping_status":"open","sticky":false,"template":"","format":"standard","meta":{"footnotes":""},"categories":[17],"tags":[],"class_list":["post-82737","post","type-post","status-publish","format-standard","has-post-thumbnail","hentry","category-sociales"],"_links":{"self":[{"href":"https:\/\/corrientesdetarde.com\/index.php\/wp-json\/wp\/v2\/posts\/82737","targetHints":{"allow":["GET"]}}],"collection":[{"href":"https:\/\/corrientesdetarde.com\/index.php\/wp-json\/wp\/v2\/posts"}],"about":[{"href":"https:\/\/corrientesdetarde.com\/index.php\/wp-json\/wp\/v2\/types\/post"}],"author":[{"embeddable":true,"href":"https:\/\/corrientesdetarde.com\/index.php\/wp-json\/wp\/v2\/users\/8"}],"replies":[{"embeddable":true,"href":"https:\/\/corrientesdetarde.com\/index.php\/wp-json\/wp\/v2\/comments?post=82737"}],"version-history":[{"count":1,"href":"https:\/\/corrientesdetarde.com\/index.php\/wp-json\/wp\/v2\/posts\/82737\/revisions"}],"predecessor-version":[{"id":82742,"href":"https:\/\/corrientesdetarde.com\/index.php\/wp-json\/wp\/v2\/posts\/82737\/revisions\/82742"}],"wp:featuredmedia":[{"embeddable":true,"href":"https:\/\/corrientesdetarde.com\/index.php\/wp-json\/wp\/v2\/media\/82741"}],"wp:attachment":[{"href":"https:\/\/corrientesdetarde.com\/index.php\/wp-json\/wp\/v2\/media?parent=82737"}],"wp:term":[{"taxonomy":"category","embeddable":true,"href":"https:\/\/corrientesdetarde.com\/index.php\/wp-json\/wp\/v2\/categories?post=82737"},{"taxonomy":"post_tag","embeddable":true,"href":"https:\/\/corrientesdetarde.com\/index.php\/wp-json\/wp\/v2\/tags?post=82737"}],"curies":[{"name":"wp","href":"https:\/\/api.w.org\/{rel}","templated":true}]}}