{"id":82814,"date":"2023-08-24T16:12:01","date_gmt":"2023-08-24T19:12:01","guid":{"rendered":"https:\/\/corrientesdetarde.com\/?p=82814"},"modified":"2023-08-24T16:12:06","modified_gmt":"2023-08-24T19:12:06","slug":"patricia-bullrich-bajo-mi-gobierno-la-argentina-no-va-a-estar-en-los-brics","status":"publish","type":"post","link":"https:\/\/corrientesdetarde.com\/index.php\/politica\/patricia-bullrich-bajo-mi-gobierno-la-argentina-no-va-a-estar-en-los-brics\/","title":{"rendered":"Patricia Bullrich: \u201cBajo mi gobierno, la Argentina no va a estar en los BRICS\u201d"},"content":{"rendered":"\n<p>Con cr\u00edticas al Gobierno, la candidata presidencial de Juntos por el Cambio rechaz\u00f3 el ingreso del pa\u00eds al bloque de pa\u00edses emergentes.<\/p>\n\n\n\n<p>La candidata presidencial de Juntos por el Cambio,\u00a0Patricia Bullrich, se expres\u00f3 en contra de la decisi\u00f3n del Gobierno de que el pa\u00eds ingrese al grupo de los BRICS a partir del 1\u00b0 de enero de 2024 y anticip\u00f3: \u201cBajo mi gobierno, la Argentina no va a estar en los BRICS\u201d.<\/p>\n\n\n\n<p>\u201cEl presidente, Alberto Fern\u00e1ndez, est\u00e1 en una situaci\u00f3n de enorme debilidad y sin poder ejercer su cargo, comprometi\u00f3 la entrada a BRICS mientras se desarrolla la invasi\u00f3n a Ucrania, y con mas raz\u00f3n, junto al ingreso de Ir\u00e1n, pa\u00eds con el que la Argentina tiene una herida abierta por ataques terroristas, creemos en el orden internacional basado en reglas para presevar la paz\u201d, indic\u00f3 al exponer en el Council of Americas.<\/p>\n\n\n\n<p>Al instante, el presidente,<strong> Alberto Fern\u00e1ndez,<\/strong>\u00a0sali\u00f3 al cruce de la postura de la candidata al Ejecutivo de Juntos por el Cambio (JxC).<\/p>\n\n\n\n<p>\u201cOjal\u00e1 que&nbsp;<strong>no sea presidenta<\/strong>&nbsp;porque no entiende lo que est\u00e1 diciendo. El problema es cuando la pol\u00edtica exterior empieza a ideologizarse\u201d, se\u00f1al\u00f3 en declaraciones a&nbsp;<em>Radio Perfil.<\/em><\/p>\n\n\n\n<figure class=\"wp-block-image\"><img decoding=\"async\" src=\"https:\/\/tn.com.ar\/resizer\/7_K8BGWZIiRuspZbg3FuHZ7Bkqc=\/767x0\/smart\/filters:format(webp)\/cloudfront-us-east-1.images.arcpublishing.com\/artear\/3TRWOKCQLBGVVDEYORJC6DDDZY.jpg\" alt=\"Alberto Fern\u00e1ndez y el canciller Santiago Cafiero (Foto: EFE).\"\/><\/figure>\n\n\n\n<p>De esa manera, se sum\u00f3 a las declaraciones de su Canciller,\u00a0<strong>Santiago Kafiero,<\/strong>\u00a0que consider\u00f3 que lo que plante\u00f3 Bullrich \u201cno tiene ning\u00fan sentido\u201d y que \u201cdeber\u00eda ser asesorada\u201d.<\/p>\n\n\n\n<p>\u201cMe parece que son<strong>&nbsp;cosas que se dicen en campa\u00f1a.&nbsp;<\/strong>No se puede reconocer ning\u00fan logro del Gobierno actual y es una posici\u00f3n pol\u00edtica. Pero nada de eso tiene que ver con la realidad\u201d, en declaraciones a&nbsp;<strong>TN,<\/strong>&nbsp;previo a su exposici\u00f3n en el&nbsp;<strong>Council of The Americas.<\/strong><\/p>\n\n\n\n<h2 class=\"wp-block-heading\">La Argentina entr\u00f3 al grupo de los BRICS por presiones de Brasil, China y la India<\/h2>\n\n\n\n<p>La Argentina ingresar\u00e1 a partir del 1\u00b0 de enero de 2024 al grupo de los\u00a0BRICS al igual que Ir\u00e1n, Arabia Saudita, Egipto, Etiop\u00eda y Emiratos \u00c1rabes Unidos.<\/p>\n\n\n\n<p>La decisi\u00f3n la anunci\u00f3 el presidente sudafricano<strong>, Cyril Ramaphosa,\u00a0<\/strong>en la cumbre en Johannesburgo, al comunicar la entrada de estos pa\u00edses al bloque de\u00a0<strong>econom\u00edas emergentes,<\/strong>\u00a0por las presiones diplom\u00e1ticas de Brasil, China y la India, integrantes del bloque al igual que Rusia y Sud\u00e1frica.<\/p>\n\n\n\n<p>Al respecto, el presidente, Alberto Fern\u00e1ndez, destac\u00f3: \u201cSer parte de los BRICS nos fortalece y no excluye otras instancias de integraci\u00f3n, y menos todav\u00eda la orgullosa pertenencia argentina al sistema multilateral de las Naciones Unidas, significa ser parte de un bloque que actualmente representa el 24 % del PBI global, el 16 % de las exportaciones y el 15 % de las importaciones mundiales de bienes y servicios\u201d, en un mensaje grabado.<\/p>\n\n\n\n<figure class=\"wp-block-image\"><img decoding=\"async\" src=\"https:\/\/tn.com.ar\/resizer\/EQZayjBu9Tv6eIJmUseaZEv_U2c=\/767x0\/smart\/filters:format(webp)\/cloudfront-us-east-1.images.arcpublishing.com\/artear\/2Z4QY77I4UF3JVGAIXHLTKS5MU.jpg\" alt=\"Luiz In\u00e1cio Lula da Silva, Xi Jinping, Cyril Ramaphosa, Narendra Modi, y Sergei Lavrov, en la 15\u00b0 Cumbre del BRICS en Johannesburgo, Sud\u00e1frica (Foto: Reuters).\"\/><\/figure>\n\n\n\n<p>Fern\u00e1ndez dijo que la Argentina \u201cfue, es y ser\u00e1 un pa\u00eds<strong>&nbsp;integracionista\u201d:&nbsp;<\/strong>\u201cVamos a ser protagonistas de un destino com\u00fan. Seguimos fortaleciendo nuestras relaciones fruct\u00edferas con otros pa\u00edses del mundo. Argentina fue, es y ser\u00e1 un pa\u00eds integracionista. Es pol\u00edtica de Estado buscar la integraci\u00f3n\u201d.<\/p>\n\n\n\n<p>El Presidente dijo que la incorporaci\u00f3n de la Argentina al grupo de econom\u00edas emergentes que integran Brasil, Rusia, la India, China y Sud\u00e1frica, representa&nbsp;<strong>\u201cuna nueva oportunidad\u201d:<\/strong>&nbsp;\u201cQueremos aprovecharla en bien de las argentinas y los argentinos, y en especial de quienes m\u00e1s lo necesitan. Es el coraz\u00f3n de nuestra pol\u00edtica exterior, proyecci\u00f3n hacia el mundo de un pueblo pac\u00edfico, amistoso, realista y digno\u201d.<\/p>\n","protected":false},"excerpt":{"rendered":"<p>Con cr\u00edticas al Gobierno, la candidata presidencial de Juntos por el Cambio rechaz\u00f3 el ingreso del pa\u00eds al bloque de pa\u00edses emergentes. La candidata presidencial de Juntos por el Cambio,\u00a0Patricia&hellip; <\/p>\n","protected":false},"author":8,"featured_media":82815,"comment_status":"closed","ping_status":"open","sticky":false,"template":"","format":"standard","meta":{"footnotes":""},"categories":[3],"tags":[],"class_list":["post-82814","post","type-post","status-publish","format-standard","has-post-thumbnail","hentry","category-politica"],"_links":{"self":[{"href":"https:\/\/corrientesdetarde.com\/index.php\/wp-json\/wp\/v2\/posts\/82814","targetHints":{"allow":["GET"]}}],"collection":[{"href":"https:\/\/corrientesdetarde.com\/index.php\/wp-json\/wp\/v2\/posts"}],"about":[{"href":"https:\/\/corrientesdetarde.com\/index.php\/wp-json\/wp\/v2\/types\/post"}],"author":[{"embeddable":true,"href":"https:\/\/corrientesdetarde.com\/index.php\/wp-json\/wp\/v2\/users\/8"}],"replies":[{"embeddable":true,"href":"https:\/\/corrientesdetarde.com\/index.php\/wp-json\/wp\/v2\/comments?post=82814"}],"version-history":[{"count":1,"href":"https:\/\/corrientesdetarde.com\/index.php\/wp-json\/wp\/v2\/posts\/82814\/revisions"}],"predecessor-version":[{"id":82816,"href":"https:\/\/corrientesdetarde.com\/index.php\/wp-json\/wp\/v2\/posts\/82814\/revisions\/82816"}],"wp:featuredmedia":[{"embeddable":true,"href":"https:\/\/corrientesdetarde.com\/index.php\/wp-json\/wp\/v2\/media\/82815"}],"wp:attachment":[{"href":"https:\/\/corrientesdetarde.com\/index.php\/wp-json\/wp\/v2\/media?parent=82814"}],"wp:term":[{"taxonomy":"category","embeddable":true,"href":"https:\/\/corrientesdetarde.com\/index.php\/wp-json\/wp\/v2\/categories?post=82814"},{"taxonomy":"post_tag","embeddable":true,"href":"https:\/\/corrientesdetarde.com\/index.php\/wp-json\/wp\/v2\/tags?post=82814"}],"curies":[{"name":"wp","href":"https:\/\/api.w.org\/{rel}","templated":true}]}}