{"id":82817,"date":"2023-08-24T16:16:44","date_gmt":"2023-08-24T19:16:44","guid":{"rendered":"https:\/\/corrientesdetarde.com\/?p=82817"},"modified":"2023-08-24T16:16:56","modified_gmt":"2023-08-24T19:16:56","slug":"fernandez-volvio-a-no-tener-agenda-mientras-que-sigue-la-interna-por-los-saqueos","status":"publish","type":"post","link":"https:\/\/corrientesdetarde.com\/index.php\/politica\/fernandez-volvio-a-no-tener-agenda-mientras-que-sigue-la-interna-por-los-saqueos\/","title":{"rendered":"Fern\u00e1ndez volvi\u00f3 a no tener agenda mientras que sigue la interna por los saqueos"},"content":{"rendered":"\n<p>(Juan Pablo Peralta, Casa de Gobierno) &#8211; Despues de su viaje de ayer a Neuqu\u00e9n, el presidente Alberto Fern\u00e1ndez, volvi\u00f3 a no tener actividades igual que sus ministros.<\/p>\n\n\n\n<figure class=\"wp-block-embed is-type-video is-provider-youtube wp-block-embed-youtube wp-embed-aspect-16-9 wp-has-aspect-ratio\"><div class=\"wp-block-embed__wrapper\">\n<iframe loading=\"lazy\" title=\"Casa de gobierno a la espera de noticias\" width=\"1110\" height=\"624\" src=\"https:\/\/www.youtube.com\/embed\/nOZkyyPpdRI?feature=oembed\" frameborder=\"0\" allow=\"accelerometer; autoplay; clipboard-write; encrypted-media; gyroscope; picture-in-picture; web-share\" allowfullscreen><\/iframe>\n<\/div><\/figure>\n\n\n\n<p>S\u00f3lo se emiti\u00f3 por la ma\u00f1ana un mensaje del mandatario grabado ayer mi\u00e9rcoles en Olivos, donde se anunci\u00f3 el ingreso de Argentina como socio del bloque de paises de los BRICS, junto a otros pa\u00edses como Arabia Saudita, Emiratos \u00c1rabes Unidos, Etiop\u00eda, Egipto e Ir\u00e1n. Los enfrentamientos internos en el oficialismo, debido a las acusaciones de la portavoz Gabriela Cerruti contra Javier Milei, se potencian, y cada vez m\u00e1s funcionarios oficialistas se desmarcan de la decisi\u00f3n de la vocera presidencial, que adem\u00e1s de terminar en una imputaci\u00f3n del fiscal Marijuan por incitaci\u00f3n a la violencia y no aportar pruebas, interfiere en las estrategias electorales, en particular del PJ bonaerense para lograr la reelecci\u00f3n de Axel Kicillof al frente del Ejecutivo de la PBA.<\/p>\n","protected":false},"excerpt":{"rendered":"<p>(Juan Pablo Peralta, Casa de Gobierno) &#8211; Despues de su viaje de ayer a Neuqu\u00e9n, el presidente Alberto Fern\u00e1ndez, volvi\u00f3 a no tener actividades igual que sus ministros. S\u00f3lo se&hellip; <\/p>\n","protected":false},"author":11,"featured_media":82818,"comment_status":"closed","ping_status":"open","sticky":false,"template":"","format":"standard","meta":{"footnotes":""},"categories":[3],"tags":[66,764,189,982],"class_list":["post-82817","post","type-post","status-publish","format-standard","has-post-thumbnail","hentry","category-politica","tag-alberto","tag-casa","tag-rosada","tag-saqueos"],"_links":{"self":[{"href":"https:\/\/corrientesdetarde.com\/index.php\/wp-json\/wp\/v2\/posts\/82817","targetHints":{"allow":["GET"]}}],"collection":[{"href":"https:\/\/corrientesdetarde.com\/index.php\/wp-json\/wp\/v2\/posts"}],"about":[{"href":"https:\/\/corrientesdetarde.com\/index.php\/wp-json\/wp\/v2\/types\/post"}],"author":[{"embeddable":true,"href":"https:\/\/corrientesdetarde.com\/index.php\/wp-json\/wp\/v2\/users\/11"}],"replies":[{"embeddable":true,"href":"https:\/\/corrientesdetarde.com\/index.php\/wp-json\/wp\/v2\/comments?post=82817"}],"version-history":[{"count":1,"href":"https:\/\/corrientesdetarde.com\/index.php\/wp-json\/wp\/v2\/posts\/82817\/revisions"}],"predecessor-version":[{"id":82821,"href":"https:\/\/corrientesdetarde.com\/index.php\/wp-json\/wp\/v2\/posts\/82817\/revisions\/82821"}],"wp:featuredmedia":[{"embeddable":true,"href":"https:\/\/corrientesdetarde.com\/index.php\/wp-json\/wp\/v2\/media\/82818"}],"wp:attachment":[{"href":"https:\/\/corrientesdetarde.com\/index.php\/wp-json\/wp\/v2\/media?parent=82817"}],"wp:term":[{"taxonomy":"category","embeddable":true,"href":"https:\/\/corrientesdetarde.com\/index.php\/wp-json\/wp\/v2\/categories?post=82817"},{"taxonomy":"post_tag","embeddable":true,"href":"https:\/\/corrientesdetarde.com\/index.php\/wp-json\/wp\/v2\/tags?post=82817"}],"curies":[{"name":"wp","href":"https:\/\/api.w.org\/{rel}","templated":true}]}}