{"id":82819,"date":"2023-08-24T16:18:07","date_gmt":"2023-08-24T19:18:07","guid":{"rendered":"https:\/\/corrientesdetarde.com\/?p=82819"},"modified":"2023-08-24T16:18:18","modified_gmt":"2023-08-24T19:18:18","slug":"valentin-barco-esta-desgarrado-y-en-boca-hay-mucha-preocupacion-se-pierde-la-vuelta-ante-racing","status":"publish","type":"post","link":"https:\/\/corrientesdetarde.com\/index.php\/deportes\/valentin-barco-esta-desgarrado-y-en-boca-hay-mucha-preocupacion-se-pierde-la-vuelta-ante-racing\/","title":{"rendered":"Valent\u00edn Barco est\u00e1 desgarrado y en Boca hay mucha preocupaci\u00f3n: \u00bfse pierde la vuelta ante Racing?"},"content":{"rendered":"\n<p>El joven futbolista del Xeneize es una de las figuras del equipo de Jorge Almir\u00f3n. Se lesion\u00f3 en el partido de ida de cuartos de final de la Copa Libertadores, que termin\u00f3 0-0 en la Bombonera.<\/p>\n\n\n\n<p>Boca sue\u00f1a con ganar la s\u00e9ptima<strong>\u00a0Copa Libertadores<\/strong>, pero en las \u00faltimas horas\u00a0<strong>se encontr\u00f3 con un problema<\/strong>. En el partido de ida de los cuartos de final ante Racing, que termin\u00f3 0 a 0, Valentin Barco se fue lesionado: este jueves, tras los estudios correspondientes,\u00a0<strong>se confirm\u00f3 que tiene un desgarro grado 1\/2 en el psoas il\u00edaco izquierdo<\/strong>.<\/p>\n\n\n\n<p>Barco, una de las figuras de Boca,<strong>&nbsp;se perder\u00eda el duelo de vuelta ante la Academia<\/strong>. Se trata de una baja sensible para el equipo de Jorge Almir\u00f3n, que quiere avanzar y seguir con vida en el torneo m\u00e1s importante del continente.<\/p>\n\n\n\n<figure class=\"wp-block-image\"><img decoding=\"async\" src=\"https:\/\/tn.com.ar\/resizer\/-sN5Uxn3OExih_Rz78UsbucsRtA=\/767x0\/smart\/filters:format(webp)\/cloudfront-us-east-1.images.arcpublishing.com\/artear\/TMUYOBSSRR4LKICFOCRCJVSAUY.jpg\" alt=\"Valent\u00edn Barco sinti\u00f3 una molestia y no pudo seguir. (Foto: REUTERS\/Agustin Marcarian)\"\/><\/figure>\n\n\n\n<p>La recuperaci\u00f3n de un desgarro demora en promedio unos 20 d\u00edas, lo que no dejar\u00eda margen para llegar a tono para el choque de la semana que viene ante la Academia.<\/p>\n\n\n\n<p><strong>En Boca, sin embargo, no lo terminan de descartar<\/strong>. Esperar\u00e1n a las pr\u00f3ximas horas para definir los pases a seguir. Tendr\u00eda que afrontar una&nbsp;<strong>recuperaci\u00f3n r\u00e9cord<\/strong>&nbsp;para que pueda estar en la revancha.<\/p>\n\n\n\n<h2 class=\"wp-block-heading\">El parte m\u00e9dico de Boca sobre la lesi\u00f3n de Valent\u00edn Barco<\/h2>\n\n\n\n<figure class=\"wp-block-image\"><img decoding=\"async\" src=\"https:\/\/tn.com.ar\/resizer\/Jwad7_Xgu8G_HQnSoRKXDjFJjcc=\/767x0\/smart\/filters:format(webp)\/cloudfront-us-east-1.images.arcpublishing.com\/artear\/5TYVF6TJ7JGGPN6Z7MJAWHXHKU.PNG\" alt=\"El parte m\u00e9dico de Boca sobre la lesi\u00f3n de Valent\u00edn Barco. (Foto: Captura)\"\/><\/figure>\n\n\n\n<h2 class=\"wp-block-heading\">El momento en el que se lesion\u00f3 Valent\u00edn Barco<\/h2>\n\n\n\n<p>Play Video<\/p>\n\n\n\n<h2 class=\"wp-block-heading\">Cu\u00e1ndo juegan Boca-Racing por la vuelta de los cuartos de final de la Copa Libertadores<\/h2>\n\n\n\n<p>Este mi\u00e9rcoles, Boca y Racing empataron 0-0 <strong>en la Bombonera por la ida de los cuartos de final de la Copa Libertadores<\/strong>. El partido cumpli\u00f3 con lo que prometi\u00f3 en la previa, salvo por los goles que nunca llegaron: intensidad, pierna fuerte, situaciones y mucha emoci\u00f3n. Este resultado deja\u00a0<strong>todo abierto para que se defina en el Cilindro de Avellaneda<\/strong>.<\/p>\n\n\n\n<p>Si bien el Xeneize fue superior desde el juego y las situaciones,&nbsp;<strong>no estuvo efectivo de cara al gol<\/strong>&nbsp;y todo puede pasar. Racing sac\u00f3 un buen resultado y espera que su cancha y su gente jueguen un papel importante a la hora de la definici\u00f3n.<\/p>\n\n\n\n<ul class=\"wp-block-list\"><li>El partido de vuelta en el Cilindro de Avellaneda entre Boca y Racing&nbsp;<strong>se jugar\u00e1 el mi\u00e9rcoles 30 de agosto a las 21.30<\/strong>&nbsp;(hora de la Argentina).<\/li><\/ul>\n","protected":false},"excerpt":{"rendered":"<p>El joven futbolista del Xeneize es una de las figuras del equipo de Jorge Almir\u00f3n. Se lesion\u00f3 en el partido de ida de cuartos de final de la Copa Libertadores,&hellip; <\/p>\n","protected":false},"author":8,"featured_media":82820,"comment_status":"closed","ping_status":"open","sticky":false,"template":"","format":"standard","meta":{"footnotes":""},"categories":[4],"tags":[],"class_list":["post-82819","post","type-post","status-publish","format-standard","has-post-thumbnail","hentry","category-deportes"],"_links":{"self":[{"href":"https:\/\/corrientesdetarde.com\/index.php\/wp-json\/wp\/v2\/posts\/82819","targetHints":{"allow":["GET"]}}],"collection":[{"href":"https:\/\/corrientesdetarde.com\/index.php\/wp-json\/wp\/v2\/posts"}],"about":[{"href":"https:\/\/corrientesdetarde.com\/index.php\/wp-json\/wp\/v2\/types\/post"}],"author":[{"embeddable":true,"href":"https:\/\/corrientesdetarde.com\/index.php\/wp-json\/wp\/v2\/users\/8"}],"replies":[{"embeddable":true,"href":"https:\/\/corrientesdetarde.com\/index.php\/wp-json\/wp\/v2\/comments?post=82819"}],"version-history":[{"count":1,"href":"https:\/\/corrientesdetarde.com\/index.php\/wp-json\/wp\/v2\/posts\/82819\/revisions"}],"predecessor-version":[{"id":82822,"href":"https:\/\/corrientesdetarde.com\/index.php\/wp-json\/wp\/v2\/posts\/82819\/revisions\/82822"}],"wp:featuredmedia":[{"embeddable":true,"href":"https:\/\/corrientesdetarde.com\/index.php\/wp-json\/wp\/v2\/media\/82820"}],"wp:attachment":[{"href":"https:\/\/corrientesdetarde.com\/index.php\/wp-json\/wp\/v2\/media?parent=82819"}],"wp:term":[{"taxonomy":"category","embeddable":true,"href":"https:\/\/corrientesdetarde.com\/index.php\/wp-json\/wp\/v2\/categories?post=82819"},{"taxonomy":"post_tag","embeddable":true,"href":"https:\/\/corrientesdetarde.com\/index.php\/wp-json\/wp\/v2\/tags?post=82819"}],"curies":[{"name":"wp","href":"https:\/\/api.w.org\/{rel}","templated":true}]}}