{"id":82842,"date":"2023-08-24T17:27:56","date_gmt":"2023-08-24T20:27:56","guid":{"rendered":"https:\/\/corrientesdetarde.com\/?p=82842"},"modified":"2023-08-24T17:28:07","modified_gmt":"2023-08-24T20:28:07","slug":"javier-milei-le-dedico-un-romantico-gesto-a-fatima-florez-en-medio-de-una-reunion-con-empresarios","status":"publish","type":"post","link":"https:\/\/corrientesdetarde.com\/index.php\/espectaculos\/javier-milei-le-dedico-un-romantico-gesto-a-fatima-florez-en-medio-de-una-reunion-con-empresarios\/","title":{"rendered":"Javier Milei le dedic\u00f3 un rom\u00e1ntico gesto a F\u00e1tima Florez en medio de una reuni\u00f3n con empresarios"},"content":{"rendered":"\n<p>El candidato presidencial reafirm\u00f3 de forma p\u00fablica su amor por la actriz y sorprendi\u00f3 a varios de los presentes.<\/p>\n\n\n\n<p>Desde que Javier Milei y F\u00e1tima Flores blanquearon su relaci\u00f3n, que habr\u00eda iniciado hace un mes y medio, el candidato presidencial no teme dejar caer algunos gestos hacia la comediante, incluso en los escenarios considerados \u201cmenos propicios\u201d.<strong>\u00a0Este jueves, el libertario encabez\u00f3 una reuni\u00f3n con el sector empresarial, y durante su discurso, no dud\u00f3 en saludar a su flamante novia.<\/strong><\/p>\n\n\n\n<p>\u201cEl verdadero cambio de verdad, uno de 180 grados, que dicho en tres generaciones da\u00a0<strong>540<\/strong>\u00a0y<strong>\u00a0todos saben qu\u00e9 significa. Le mando saludos<\/strong>\u201d, insinu\u00f3 el economista como un gui\u00f1o a la actriz.<\/p>\n\n\n\n<p>De acuerdo a las informaciones de Marina Calabr\u00f3,<strong>&nbsp;el citado n\u00famero es una suerte de clave que identifica a F\u00e1tima<\/strong>, pero entre rumores se ha planteado que<strong>&nbsp;el concepto de los cambios graduales en tres tiempos habr\u00eda sido obra de la imitadora en una conversaci\u00f3n \u201ccasual\u201d con su pareja.<\/strong>&nbsp;Sin embargo, es el libertario quien mantiene la premisa como bandera de su campa\u00f1a actual.<\/p>\n\n\n\n<p>Volviendo a los gui\u00f1os amorosos de Milei, una vez concluido este encuentro volvi\u00f3 a referirse a Florez. Durante la conferencia de prensa&nbsp;<strong>afirm\u00f3 sentirse \u201cfeliz\u201d en su nueva relaci\u00f3n<\/strong>&nbsp;y supo eludir la consulta de un periodista, quien le pregunt\u00f3 si Florez lo conquist\u00f3 imitando a Cristina Fern\u00e1ndez. R\u00e1pidamente, Javier contest\u00f3:<strong>&nbsp;\u201cMe conquist\u00f3 porque es una mujer formidable y superlativa en todos los aspectos\u201d.<\/strong><\/p>\n\n\n\n<h2 class=\"wp-block-heading\">F\u00e1tima Florez dio detalles del \u201cpacto \u00edntimo\u201d que hizo con Javier Milei para que el romance prospere<\/h2>\n\n\n\n<p>F\u00e1tima Flores y Javier Milei sorprendieron a todos con la confirmaci\u00f3n de su romance. Se enamoraron y por la exposici\u00f3n medi\u00e1tica de ambos decidieron hacer un \u201cpacto \u00edntimo\u201d para que la historia prospere. As\u00ed lo cont\u00f3 ella en una reciente nota con la\u00a0<em>revista Caras<\/em>, donde adem\u00e1s asegur\u00f3 que conoci\u00f3 a un hombre maravilloso y cari\u00f1oso con el que tiene una conexi\u00f3n espiritual muy fuerte.<\/p>\n\n\n\n<p>\u201cCuando nos vemos no hablo de pol\u00edtica.&nbsp;<strong>Es m\u00e1s, puertas adentro no se habla de nuestros respectivos trabajos<\/strong>. Compartimos charlas, hay mucha impronta de humor\u201d, sostuvo.<\/p>\n\n\n\n<figure class=\"wp-block-image\"><img decoding=\"async\" src=\"https:\/\/tn.com.ar\/resizer\/Rb-YGYdYtox9XIOH6ZsCCcrs76k=\/767x0\/smart\/filters:format(webp)\/cloudfront-us-east-1.images.arcpublishing.com\/artear\/E6IP63RNYZFWVBLITVPLDKH5V4.webp\" alt=\"F\u00e1tima Florez y Javier Milei el d\u00eda que se conocieron. (Foto: captura eltrece)\"\/><\/figure>\n\n\n\n<p>Seg\u00fan explicaron ellos mismos d\u00edas atr\u00e1s, el noviazgo se oficializ\u00f3 hace menos de 50 d\u00edas. Sin embargo, el primer flechazo se dio a fines de 2022, cuando estuvieron de invitados en el programa de Mirtha Legrand. En ese entonces, la artista atravesaba una gran crisis con Norberto Marcos, con quien comparti\u00f3 m\u00e1s de dos d\u00e9cadas.\u00a0Fue hace pocos meses cuando inici\u00f3 una conversaci\u00f3n con el l\u00edder de La Libertad Avanza, y los seguidores del economista ya la imaginan como Primera Dama.<\/p>\n","protected":false},"excerpt":{"rendered":"<p>El candidato presidencial reafirm\u00f3 de forma p\u00fablica su amor por la actriz y sorprendi\u00f3 a varios de los presentes. Desde que Javier Milei y F\u00e1tima Flores blanquearon su relaci\u00f3n, que&hellip; <\/p>\n","protected":false},"author":8,"featured_media":82843,"comment_status":"closed","ping_status":"open","sticky":false,"template":"","format":"standard","meta":{"footnotes":""},"categories":[19],"tags":[],"class_list":["post-82842","post","type-post","status-publish","format-standard","has-post-thumbnail","hentry","category-espectaculos"],"_links":{"self":[{"href":"https:\/\/corrientesdetarde.com\/index.php\/wp-json\/wp\/v2\/posts\/82842","targetHints":{"allow":["GET"]}}],"collection":[{"href":"https:\/\/corrientesdetarde.com\/index.php\/wp-json\/wp\/v2\/posts"}],"about":[{"href":"https:\/\/corrientesdetarde.com\/index.php\/wp-json\/wp\/v2\/types\/post"}],"author":[{"embeddable":true,"href":"https:\/\/corrientesdetarde.com\/index.php\/wp-json\/wp\/v2\/users\/8"}],"replies":[{"embeddable":true,"href":"https:\/\/corrientesdetarde.com\/index.php\/wp-json\/wp\/v2\/comments?post=82842"}],"version-history":[{"count":1,"href":"https:\/\/corrientesdetarde.com\/index.php\/wp-json\/wp\/v2\/posts\/82842\/revisions"}],"predecessor-version":[{"id":82844,"href":"https:\/\/corrientesdetarde.com\/index.php\/wp-json\/wp\/v2\/posts\/82842\/revisions\/82844"}],"wp:featuredmedia":[{"embeddable":true,"href":"https:\/\/corrientesdetarde.com\/index.php\/wp-json\/wp\/v2\/media\/82843"}],"wp:attachment":[{"href":"https:\/\/corrientesdetarde.com\/index.php\/wp-json\/wp\/v2\/media?parent=82842"}],"wp:term":[{"taxonomy":"category","embeddable":true,"href":"https:\/\/corrientesdetarde.com\/index.php\/wp-json\/wp\/v2\/categories?post=82842"},{"taxonomy":"post_tag","embeddable":true,"href":"https:\/\/corrientesdetarde.com\/index.php\/wp-json\/wp\/v2\/tags?post=82842"}],"curies":[{"name":"wp","href":"https:\/\/api.w.org\/{rel}","templated":true}]}}