{"id":82851,"date":"2023-08-24T17:42:49","date_gmt":"2023-08-24T20:42:49","guid":{"rendered":"https:\/\/corrientesdetarde.com\/?p=82851"},"modified":"2023-08-24T17:43:01","modified_gmt":"2023-08-24T20:43:01","slug":"raul-castells-dijo-que-los-robos-a-supermercados-son-una-expropiacion","status":"publish","type":"post","link":"https:\/\/corrientesdetarde.com\/index.php\/nacionales\/raul-castells-dijo-que-los-robos-a-supermercados-son-una-expropiacion\/","title":{"rendered":"Ra\u00fal Castells dijo que los robos a supermercados son una &#8220;expropiaci\u00f3n&#8221;"},"content":{"rendered":"\n<p>El dirigente social asegur\u00f3 que &#8220;se recuper\u00f3&#8221; la comida en los ataques a comercios de Neuqu\u00e9n, Mendoza, Chaco, Buenos Aires y la Ciudad de Buenos Aires.<\/p>\n\n\n\n<p>El&nbsp;<strong>l\u00edder del Movimiento Independiente de Jubilados y Desocupados (MIJD), Ra\u00fal Castells, se atribuy\u00f3 p\u00fablicamente haber incentivado intentos de robos a supermercados y comercios ocurridos en las \u00faltimas horas en Mendoza, Chaco, Neuqu\u00e9n, la Ciudad de Buenos Aires y territorio bonaerense.<\/strong>&nbsp;A modo de explicaci\u00f3n, el dirigente social asegur\u00f3 que&nbsp;fue una &#8220;expropiaci\u00f3n de alimentos&#8221;.<\/p>\n\n\n\n<p>&#8220;Estamos hablando de\u00a0<em>La An\u00f3nima, \u00c1tomo, Carrefour, Changom\u00e1s<\/em>, que es donde ha ido centralmente nuestro pueblo desde el viernes pasado hasta ayer, que finalmente se lleg\u00f3 a un preacuerdo con el Gobierno y esto se ha dado por concluido&#8221;, afirm\u00f3 Ra\u00fal Castells en una comunicaci\u00f3n en la que volvi\u00f3 a adjudicarse la organizaci\u00f3n de robos a supermercados y comercios.<\/p>\n\n\n\n<p>&#8220;Lo que ha habido es el rechazo a que haya aumentado la comida al 100% y a su vez, que hac\u00eda tres meses que no entregaban los alimentos a los comedores comunitarios de las iglesias, escuelas y los barrios. Ese era el reclamo central y luego se agreg\u00f3 el tema de que se resarza a los peque\u00f1os comerciantes damnificados por esta lucha&#8221;, explic\u00f3 el dirigente piquetero.<\/p>\n\n\n\n<p>&#8220;<strong>En el d\u00eda de ayer se acord\u00f3 un bono de $ 70.000, que nosotros reclamamos que sea con las caracter\u00edsticas del IFE, y un resarcimiento de $ 7 millones para los peque\u00f1os comerciantes y &#8216;la&#8217; Tolosa Paz ratific\u00f3 que se van a reintegrar los alimentos<\/strong>&#8220;, se\u00f1al\u00f3 en referencia a la ministra de Desarrollo Social, Victoria Tolosa Paz.<\/p>\n\n\n\n<p>Por m\u00e1s de que la respuesta de Desarrollo Social haya calmado los \u00e1nimos de los partidarios del robo organizado, la promesa de dinero est\u00e1 en el aire porque &#8220;esperaban el regreso hoy de Sergio Massa para definir la caracter\u00edstica del bono y para definir las caracter\u00edsticas de la entrega de los alimentos&#8221;.<\/p>\n\n\n\n<p>Mientras tanto,&nbsp;<strong>la justicia de Mendoza comenz\u00f3 a tramitar una denuncia penal presentada por abogados del espacio pol\u00edtico Republicanos Unidos por haber incumplido el art\u00edculo 209 del C\u00f3digo Penal<\/strong>, que contempla 2 a\u00f1os de prisi\u00f3n a quien &#8220;p\u00fablicamente instigare a cometer un delito determinado contra una persona o instituci\u00f3n&#8221;.<\/p>\n\n\n\n<p>&#8220;Toda vez que el denunciado se expres\u00f3 en plural -como &#8216;nosotros&#8217;-, debe investigarse qu\u00e9 otras personas participaron de la acci\u00f3n t\u00edpica&#8221;, indicaron desde Republicanos Unidos en un comunicado de prensa.<\/p>\n\n\n\n<p>La denuncia cay\u00f3 por sorteo en el juzgado federal 6, que subroga el magistrado Daniel Rafecas quien este mediod\u00eda deleg\u00f3 la investigaci\u00f3n en la fiscal\u00eda que encabeza Alejandra Mangano, informaron fuentes judiciales<\/p>\n\n\n\n<figure class=\"wp-block-embed is-type-video is-provider-youtube wp-block-embed-youtube wp-embed-aspect-16-9 wp-has-aspect-ratio\"><div class=\"wp-block-embed__wrapper\">\n<iframe loading=\"lazy\" title=\"OLA de ROBOS: CASTELLS se ADJUDIC\u00d3 los HECHOS DELICTIVOS\" width=\"1110\" height=\"624\" src=\"https:\/\/www.youtube.com\/embed\/zAZ7eLGzS4Y?feature=oembed\" frameborder=\"0\" allow=\"accelerometer; autoplay; clipboard-write; encrypted-media; gyroscope; picture-in-picture; web-share\" allowfullscreen><\/iframe>\n<\/div><\/figure>\n\n\n\n<p>&#8220;<strong>Nosotros jam\u00e1s hemos robado, no me han acusado en siete d\u00e9cadas de vida de haber robado nada. En todo caso, la palabra que corresponde es &#8216;expropiaci\u00f3n&#8217;<\/strong>. Se ha recuperado lo que ellos nos robaron con la multiplicaci\u00f3n por dos de los precios de la comida. Nuestro pueblo lo ha recuperado&#8221;, insisti\u00f3 por su parte Castells.<\/p>\n\n\n\n<p>&#8220;Nosotros ped\u00edamos 10 millones de pesos para los peque\u00f1os comerciantes y 15 (millones de pesos) de resarcimiento en los que efectivamente hubieran sido damnificados. En algunos casos puntuales, como un carnicero de Las Heras, Mendoza, que le llevaron hasta la balanza, nosotros desautorizamos eso y le repusimos las herramientos&#8221;, explic\u00f3 con vehemencia.<\/p>\n\n\n\n<p>&#8220;Ped\u00edamos que se tenga en cuenta a esos peque\u00f1os y medianos comerciantes, a las multinacionales nada de nada, no pedimos nada para ellos&#8221;, se\u00f1al\u00f3 Castells sobre su reuni\u00f3n de esta semana en el Ministerio de Desarrollo Social.<\/p>\n\n\n\n<p>Cuando la periodista Paula Marusich se\u00f1al\u00f3 que el movimiento liderado por Ra\u00fal Castells &#8220;desarroll\u00f3 un mecanismo extorsivo para ir a sacarle m\u00e1s planes y alimentos al Gobierno de la Naci\u00f3n&#8221; el dirigente social repuso que &#8220;son interpretaciones&#8221; de los hechos.<\/p>\n\n\n\n<p>&#8220;Usted entiende que la lucha del pueblo argentino es una extorsi\u00f3n y tendr\u00edamos que seguir viviendo con la dictadura militar porque tambi\u00e9n se luch\u00f3 dur\u00edsimamente para echarla&#8221;, sentenci\u00f3 Castells.<\/p>\n","protected":false},"excerpt":{"rendered":"<p>El dirigente social asegur\u00f3 que &#8220;se recuper\u00f3&#8221; la comida en los ataques a comercios de Neuqu\u00e9n, Mendoza, Chaco, Buenos Aires y la Ciudad de Buenos Aires. El&nbsp;l\u00edder del Movimiento Independiente&hellip; <\/p>\n","protected":false},"author":8,"featured_media":82852,"comment_status":"closed","ping_status":"open","sticky":false,"template":"","format":"standard","meta":{"footnotes":""},"categories":[10],"tags":[],"class_list":["post-82851","post","type-post","status-publish","format-standard","has-post-thumbnail","hentry","category-nacionales"],"_links":{"self":[{"href":"https:\/\/corrientesdetarde.com\/index.php\/wp-json\/wp\/v2\/posts\/82851","targetHints":{"allow":["GET"]}}],"collection":[{"href":"https:\/\/corrientesdetarde.com\/index.php\/wp-json\/wp\/v2\/posts"}],"about":[{"href":"https:\/\/corrientesdetarde.com\/index.php\/wp-json\/wp\/v2\/types\/post"}],"author":[{"embeddable":true,"href":"https:\/\/corrientesdetarde.com\/index.php\/wp-json\/wp\/v2\/users\/8"}],"replies":[{"embeddable":true,"href":"https:\/\/corrientesdetarde.com\/index.php\/wp-json\/wp\/v2\/comments?post=82851"}],"version-history":[{"count":1,"href":"https:\/\/corrientesdetarde.com\/index.php\/wp-json\/wp\/v2\/posts\/82851\/revisions"}],"predecessor-version":[{"id":82853,"href":"https:\/\/corrientesdetarde.com\/index.php\/wp-json\/wp\/v2\/posts\/82851\/revisions\/82853"}],"wp:featuredmedia":[{"embeddable":true,"href":"https:\/\/corrientesdetarde.com\/index.php\/wp-json\/wp\/v2\/media\/82852"}],"wp:attachment":[{"href":"https:\/\/corrientesdetarde.com\/index.php\/wp-json\/wp\/v2\/media?parent=82851"}],"wp:term":[{"taxonomy":"category","embeddable":true,"href":"https:\/\/corrientesdetarde.com\/index.php\/wp-json\/wp\/v2\/categories?post=82851"},{"taxonomy":"post_tag","embeddable":true,"href":"https:\/\/corrientesdetarde.com\/index.php\/wp-json\/wp\/v2\/tags?post=82851"}],"curies":[{"name":"wp","href":"https:\/\/api.w.org\/{rel}","templated":true}]}}