{"id":82854,"date":"2023-08-24T18:02:31","date_gmt":"2023-08-24T21:02:31","guid":{"rendered":"https:\/\/corrientesdetarde.com\/?p=82854"},"modified":"2023-08-24T18:02:44","modified_gmt":"2023-08-24T21:02:44","slug":"la-provincia-encara-el-recapado-con-concreto-asfaltico-de-un-tramo-de-la-avenida-3-de-abril","status":"publish","type":"post","link":"https:\/\/corrientesdetarde.com\/index.php\/informacion-general\/la-provincia-encara-el-recapado-con-concreto-asfaltico-de-un-tramo-de-la-avenida-3-de-abril\/","title":{"rendered":"La Provincia encara el recapado con concreto asf\u00e1ltico de un tramo de la avenida &nbsp;3 de abril"},"content":{"rendered":"\n<p>El Gobierno Provincial&nbsp; comenz\u00f3 a repavimentar con concreto asf\u00e1ltico el tramo de la avenida 3 de Abril, que va desde Padre Borgatti a avenida Costanera General San Mart\u00edn. Debido a estos trabajos, que continuar\u00e1n ma\u00f1ana, se recomend\u00f3 circular por la zona con suma precauci\u00f3n atendiendo las indicaciones de tr\u00e1nsito.<\/p>\n\n\n\n<p>Los trabajos son ejecutados por el Ministerio de Obras y Servicios P\u00fablicos, mediante un equipo especializado de Vialidad Urbana.<\/p>\n\n\n\n<p>Cabe destacar que esta obra fue dispuesta ante el deterioro de la carpeta de rodamiento de esa arteria y tras trabajos de bacheo y sellado de juntas, a efectos de asegurar un rodamiento \u00e1gil en esa parte de la ciudad..<\/p>\n\n\n\n<p>En este tramo de Ferr\u00e9&nbsp; se aplica una carpeta de concreto caliente de entre 6 y 8 cent\u00edmetros de espesor a todo lo ancho de la calzada respectiva, dejando&nbsp; libre los bordes de cuneta para un adecuado escurrimiento pluvial.<\/p>\n\n\n\n<p>La obra es llevada adelante por administraci\u00f3n con personal y maquinarias provinciales, siendo el concreto asf\u00e1ltico elaborado en la propia planta de procesamiento que posee la Provincia por avenida Maip\u00fa.&nbsp;&nbsp;<\/p>\n\n\n\n<figure class=\"wp-block-image size-full\"><img loading=\"lazy\" decoding=\"async\" width=\"900\" height=\"593\" src=\"https:\/\/corrientesdetarde.com\/wp-content\/uploads\/2023\/08\/image-701.png\" alt=\"\" class=\"wp-image-82856\" srcset=\"https:\/\/corrientesdetarde.com\/wp-content\/uploads\/2023\/08\/image-701.png 900w, https:\/\/corrientesdetarde.com\/wp-content\/uploads\/2023\/08\/image-701-300x198.png 300w, https:\/\/corrientesdetarde.com\/wp-content\/uploads\/2023\/08\/image-701-768x506.png 768w\" sizes=\"auto, (max-width: 900px) 100vw, 900px\" \/><\/figure>\n\n\n\n<figure class=\"wp-block-image size-large\"><img loading=\"lazy\" decoding=\"async\" width=\"1024\" height=\"679\" src=\"https:\/\/corrientesdetarde.com\/wp-content\/uploads\/2023\/08\/image-702-1024x679.png\" alt=\"\" class=\"wp-image-82857\" srcset=\"https:\/\/corrientesdetarde.com\/wp-content\/uploads\/2023\/08\/image-702-1024x679.png 1024w, https:\/\/corrientesdetarde.com\/wp-content\/uploads\/2023\/08\/image-702-300x199.png 300w, https:\/\/corrientesdetarde.com\/wp-content\/uploads\/2023\/08\/image-702-768x509.png 768w, https:\/\/corrientesdetarde.com\/wp-content\/uploads\/2023\/08\/image-702.png 1194w\" sizes=\"auto, (max-width: 1024px) 100vw, 1024px\" \/><\/figure>\n\n\n\n<figure class=\"wp-block-image size-large\"><img loading=\"lazy\" decoding=\"async\" width=\"1024\" height=\"766\" src=\"https:\/\/corrientesdetarde.com\/wp-content\/uploads\/2023\/08\/image-703-1024x766.png\" alt=\"\" class=\"wp-image-82858\" srcset=\"https:\/\/corrientesdetarde.com\/wp-content\/uploads\/2023\/08\/image-703-1024x766.png 1024w, https:\/\/corrientesdetarde.com\/wp-content\/uploads\/2023\/08\/image-703-300x225.png 300w, https:\/\/corrientesdetarde.com\/wp-content\/uploads\/2023\/08\/image-703-768x575.png 768w, https:\/\/corrientesdetarde.com\/wp-content\/uploads\/2023\/08\/image-703.png 1200w\" sizes=\"auto, (max-width: 1024px) 100vw, 1024px\" \/><\/figure>\n","protected":false},"excerpt":{"rendered":"<p>El Gobierno Provincial&nbsp; comenz\u00f3 a repavimentar con concreto asf\u00e1ltico el tramo de la avenida 3 de Abril, que va desde Padre Borgatti a avenida Costanera General San Mart\u00edn. Debido a&hellip; <\/p>\n","protected":false},"author":8,"featured_media":82855,"comment_status":"closed","ping_status":"open","sticky":false,"template":"","format":"standard","meta":{"footnotes":""},"categories":[1],"tags":[],"class_list":["post-82854","post","type-post","status-publish","format-standard","has-post-thumbnail","hentry","category-informacion-general"],"_links":{"self":[{"href":"https:\/\/corrientesdetarde.com\/index.php\/wp-json\/wp\/v2\/posts\/82854","targetHints":{"allow":["GET"]}}],"collection":[{"href":"https:\/\/corrientesdetarde.com\/index.php\/wp-json\/wp\/v2\/posts"}],"about":[{"href":"https:\/\/corrientesdetarde.com\/index.php\/wp-json\/wp\/v2\/types\/post"}],"author":[{"embeddable":true,"href":"https:\/\/corrientesdetarde.com\/index.php\/wp-json\/wp\/v2\/users\/8"}],"replies":[{"embeddable":true,"href":"https:\/\/corrientesdetarde.com\/index.php\/wp-json\/wp\/v2\/comments?post=82854"}],"version-history":[{"count":1,"href":"https:\/\/corrientesdetarde.com\/index.php\/wp-json\/wp\/v2\/posts\/82854\/revisions"}],"predecessor-version":[{"id":82859,"href":"https:\/\/corrientesdetarde.com\/index.php\/wp-json\/wp\/v2\/posts\/82854\/revisions\/82859"}],"wp:featuredmedia":[{"embeddable":true,"href":"https:\/\/corrientesdetarde.com\/index.php\/wp-json\/wp\/v2\/media\/82855"}],"wp:attachment":[{"href":"https:\/\/corrientesdetarde.com\/index.php\/wp-json\/wp\/v2\/media?parent=82854"}],"wp:term":[{"taxonomy":"category","embeddable":true,"href":"https:\/\/corrientesdetarde.com\/index.php\/wp-json\/wp\/v2\/categories?post=82854"},{"taxonomy":"post_tag","embeddable":true,"href":"https:\/\/corrientesdetarde.com\/index.php\/wp-json\/wp\/v2\/tags?post=82854"}],"curies":[{"name":"wp","href":"https:\/\/api.w.org\/{rel}","templated":true}]}}