{"id":82862,"date":"2023-08-24T20:51:33","date_gmt":"2023-08-24T23:51:33","guid":{"rendered":"https:\/\/corrientesdetarde.com\/?p=82862"},"modified":"2023-08-24T20:51:45","modified_gmt":"2023-08-24T23:51:45","slug":"deuda-por-yacyreta-massa-se-reunio-con-el-presidente-del-paraguay-y-aseguro-que-es-un-tema-que-hay-que-cerrar","status":"publish","type":"post","link":"https:\/\/corrientesdetarde.com\/index.php\/economia\/deuda-por-yacyreta-massa-se-reunio-con-el-presidente-del-paraguay-y-aseguro-que-es-un-tema-que-hay-que-cerrar\/","title":{"rendered":"Deuda por Yacyret\u00e1: Massa se reuni\u00f3 con el presidente del paraguay y asegur\u00f3 que &#8220;es un tema que hay que cerrar&#8221;"},"content":{"rendered":"\n<p>El ministro de Econom\u00eda estuvo durante tres horas en la residencia Mburuvicha Rog\u00e1, en Asunci\u00f3n, tras su paso por Estados Unidos para supervisar la reuni\u00f3n del FMI por la Argentina.<\/p>\n\n\n\n<p>Tras su visita a Washington, Estados Unidos, el ministro de Econom\u00eda&nbsp; y candidato presidencial de Uni\u00f3n por la Patria, Sergio Massa, regres\u00f3 a Buenos Aires despu\u00e9s de realizar una escala estrat\u00e9gica en Asunci\u00f3n, donde sostuvo una reuni\u00f3n bilateral de alto nivel con el presidente paraguayo, Santiago Pe\u00f1a. El encuentro se llev\u00f3 a cabo en la Mburuvicha R\u00f3ga, la residencia oficial del gobierno paraguayo, y gir\u00f3 en torno a cuestiones clave como el desarrollo de la represa A\u00f1a Cu\u00e1, la Hidrov\u00eda y la deuda energ\u00e9tica entre ambas naciones.<\/p>\n\n\n\n<p>Uno de los temas centrales de la reuni\u00f3n fue la cuesti\u00f3n de la deuda energ\u00e9tica acumulada en relaci\u00f3n a la Entidad Binacional Yacyret\u00e1 (EBY). En su declaraci\u00f3n conjunta tras la reuni\u00f3n, Pe\u00f1a expres\u00f3 que se ha llegado a un entendimiento que permitir\u00e1 reanudar los pagos energ\u00e9ticos a Argentina a partir del 15 de agosto. Esto pone fin a un congelamiento previo a solicitud del presidente paraguayo y abre el camino para resolver una deuda de flujo energ\u00e9tico que asciende a $86.000 millones en los pr\u00f3ximos meses. Pe\u00f1a afirm\u00f3 en una conferencia de prensa: &#8220;Para m\u00ed ser\u00eda fundamental que a partir del 15 de agosto se pudieran hacer todos los pagos posibles, que para m\u00ed iba a ser muy importante. Claramente eso le exim\u00eda a \u00e9l de tener que hacer cualquier pago antes del 15&#8221;.<\/p>\n\n\n\n<p>Otro aspecto clave abordado en la reuni\u00f3n fue el fortalecimiento de la cooperaci\u00f3n en proyectos de infraestructura. Massa y Pe\u00f1a acordaron avanzar en la construcci\u00f3n de la represa A\u00f1a Cu\u00e1, una inversi\u00f3n estimada en USD 350 millones. Adem\u00e1s, se confirm\u00f3 la creaci\u00f3n de una comisi\u00f3n binacional de ministros que supervisar\u00e1 el proyecto de largo plazo de la Hidrov\u00eda, una iniciativa que tiene el potencial de revitalizar el transporte fluvial en la regi\u00f3n.<\/p>\n\n\n\n<p>La construcci\u00f3n de un nuevo Puente Binacional tambi\u00e9n est\u00e1 en la agenda, y se financiar\u00e1 con fondos proporcionados por la Corporaci\u00f3n Andina de Fomento (CAF). Massa estuvo acompa\u00f1ado por una delegaci\u00f3n que incluy\u00f3 a la secretaria de Energ\u00eda Flavia Royon, el ministro de Transporte Diego Giuliano, el jefe de asesores Leonardo Madcur y el encargado de relaciones con los organismos de cr\u00e9dito y titular del Indec, Marco Lavagna.<\/p>\n","protected":false},"excerpt":{"rendered":"<p>El ministro de Econom\u00eda estuvo durante tres horas en la residencia Mburuvicha Rog\u00e1, en Asunci\u00f3n, tras su paso por Estados Unidos para supervisar la reuni\u00f3n del FMI por la Argentina.&hellip; <\/p>\n","protected":false},"author":4,"featured_media":82883,"comment_status":"closed","ping_status":"open","sticky":false,"template":"","format":"standard","meta":{"footnotes":""},"categories":[20],"tags":[],"class_list":["post-82862","post","type-post","status-publish","format-standard","has-post-thumbnail","hentry","category-economia"],"_links":{"self":[{"href":"https:\/\/corrientesdetarde.com\/index.php\/wp-json\/wp\/v2\/posts\/82862","targetHints":{"allow":["GET"]}}],"collection":[{"href":"https:\/\/corrientesdetarde.com\/index.php\/wp-json\/wp\/v2\/posts"}],"about":[{"href":"https:\/\/corrientesdetarde.com\/index.php\/wp-json\/wp\/v2\/types\/post"}],"author":[{"embeddable":true,"href":"https:\/\/corrientesdetarde.com\/index.php\/wp-json\/wp\/v2\/users\/4"}],"replies":[{"embeddable":true,"href":"https:\/\/corrientesdetarde.com\/index.php\/wp-json\/wp\/v2\/comments?post=82862"}],"version-history":[{"count":1,"href":"https:\/\/corrientesdetarde.com\/index.php\/wp-json\/wp\/v2\/posts\/82862\/revisions"}],"predecessor-version":[{"id":82884,"href":"https:\/\/corrientesdetarde.com\/index.php\/wp-json\/wp\/v2\/posts\/82862\/revisions\/82884"}],"wp:featuredmedia":[{"embeddable":true,"href":"https:\/\/corrientesdetarde.com\/index.php\/wp-json\/wp\/v2\/media\/82883"}],"wp:attachment":[{"href":"https:\/\/corrientesdetarde.com\/index.php\/wp-json\/wp\/v2\/media?parent=82862"}],"wp:term":[{"taxonomy":"category","embeddable":true,"href":"https:\/\/corrientesdetarde.com\/index.php\/wp-json\/wp\/v2\/categories?post=82862"},{"taxonomy":"post_tag","embeddable":true,"href":"https:\/\/corrientesdetarde.com\/index.php\/wp-json\/wp\/v2\/tags?post=82862"}],"curies":[{"name":"wp","href":"https:\/\/api.w.org\/{rel}","templated":true}]}}