{"id":8287,"date":"2022-10-03T21:25:42","date_gmt":"2022-10-04T00:25:42","guid":{"rendered":"https:\/\/corrientesdetarde.com\/?p=8287"},"modified":"2022-10-03T21:25:45","modified_gmt":"2022-10-04T00:25:45","slug":"la-proxima-semana-el-ministro-jaime-perczyk-visitara-corrientes","status":"publish","type":"post","link":"https:\/\/corrientesdetarde.com\/index.php\/sociales\/la-proxima-semana-el-ministro-jaime-perczyk-visitara-corrientes\/","title":{"rendered":"La pr\u00f3xima semana el ministro Jaime Perczyk visitar\u00e1 Corrientes"},"content":{"rendered":"\n<p>&#8220;Es un d\u00eda muy portante, desde Educaci\u00f3n y Salud promovemos siempre que ese calendario de vacunaci\u00f3n est\u00e9 completo&#8221;, sostuvo esta ma\u00f1ana la ministra de Educaci\u00f3n, Pr\u00e1xedes L\u00f3pez, en el marco del lanzamiento oficial de la campa\u00f1a de vacunaci\u00f3n contra el sarampi\u00f3n, la rub\u00e9ola, la poliomielitis y las paperas.<\/p>\n\n\n\n<p>Cabe destacar que la presentaci\u00f3n fue en el Jard\u00edn de Infantes de la Escuela Normal Dr. Juan Pujol, ubicado sobre Mendoza 1250. Vale aclarar que a nivel nacional la campa\u00f1a fue lanzada el s\u00e1bado en el Vacunatorio Amigable de Tecn\u00f3polis, en Provincia de Buenos Aires.<\/p>\n\n\n\n<p>En este sentido, la ministra de la provincia coment\u00f3 a la prensa que &#8220;se hizo el lanzamiento en esta instituci\u00f3n pero se sigue en toda la provincia. Ac\u00e1 se lo vio con los mas peque\u00f1itos, es a la edad a la que va dirigida, que obviamente nos llena de alegr\u00eda que est\u00e9n, por supuesto con la aprobaci\u00f3n de los padres que algunos est\u00e1n ac\u00e1&#8221;.<\/p>\n\n\n\n<p>Adem\u00e1s adelant\u00f3 que &#8220;el 11 tenemos pensado inaugurar con el Ministro de Educaci\u00f3n de la Naci\u00f3n otro jard\u00edn de infantes de Capital&#8221;, de esta forma confirm\u00f3 la presencia de Jaime Perczyk en Corrientes.<\/p>\n","protected":false},"excerpt":{"rendered":"<p>&#8220;Es un d\u00eda muy portante, desde Educaci\u00f3n y Salud promovemos siempre que ese calendario de vacunaci\u00f3n est\u00e9 completo&#8221;, sostuvo esta ma\u00f1ana la ministra de Educaci\u00f3n, Pr\u00e1xedes L\u00f3pez, en el marco&hellip; <\/p>\n","protected":false},"author":1,"featured_media":8290,"comment_status":"closed","ping_status":"open","sticky":false,"template":"","format":"standard","meta":{"footnotes":""},"categories":[17],"tags":[],"class_list":["post-8287","post","type-post","status-publish","format-standard","has-post-thumbnail","hentry","category-sociales"],"_links":{"self":[{"href":"https:\/\/corrientesdetarde.com\/index.php\/wp-json\/wp\/v2\/posts\/8287","targetHints":{"allow":["GET"]}}],"collection":[{"href":"https:\/\/corrientesdetarde.com\/index.php\/wp-json\/wp\/v2\/posts"}],"about":[{"href":"https:\/\/corrientesdetarde.com\/index.php\/wp-json\/wp\/v2\/types\/post"}],"author":[{"embeddable":true,"href":"https:\/\/corrientesdetarde.com\/index.php\/wp-json\/wp\/v2\/users\/1"}],"replies":[{"embeddable":true,"href":"https:\/\/corrientesdetarde.com\/index.php\/wp-json\/wp\/v2\/comments?post=8287"}],"version-history":[{"count":1,"href":"https:\/\/corrientesdetarde.com\/index.php\/wp-json\/wp\/v2\/posts\/8287\/revisions"}],"predecessor-version":[{"id":8291,"href":"https:\/\/corrientesdetarde.com\/index.php\/wp-json\/wp\/v2\/posts\/8287\/revisions\/8291"}],"wp:featuredmedia":[{"embeddable":true,"href":"https:\/\/corrientesdetarde.com\/index.php\/wp-json\/wp\/v2\/media\/8290"}],"wp:attachment":[{"href":"https:\/\/corrientesdetarde.com\/index.php\/wp-json\/wp\/v2\/media?parent=8287"}],"wp:term":[{"taxonomy":"category","embeddable":true,"href":"https:\/\/corrientesdetarde.com\/index.php\/wp-json\/wp\/v2\/categories?post=8287"},{"taxonomy":"post_tag","embeddable":true,"href":"https:\/\/corrientesdetarde.com\/index.php\/wp-json\/wp\/v2\/tags?post=8287"}],"curies":[{"name":"wp","href":"https:\/\/api.w.org\/{rel}","templated":true}]}}