{"id":82905,"date":"2023-08-24T22:43:03","date_gmt":"2023-08-25T01:43:03","guid":{"rendered":"https:\/\/corrientesdetarde.com\/?p=82905"},"modified":"2023-08-24T22:43:04","modified_gmt":"2023-08-25T01:43:04","slug":"el-pentagono-descarto-la-teoria-de-que-un-misil-derribo-avion-en-el-que-viajaba-prigozhin","status":"publish","type":"post","link":"https:\/\/corrientesdetarde.com\/index.php\/internacionales\/el-pentagono-descarto-la-teoria-de-que-un-misil-derribo-avion-en-el-que-viajaba-prigozhin\/","title":{"rendered":"El Pent\u00e1gono descart\u00f3 la teor\u00eda de que un misil derrib\u00f3 avi\u00f3n en el que viajaba Prigozhin"},"content":{"rendered":"\n<p>En Estados Unidos se manejan otras hip\u00f3tesis en torno a este episodio.<\/p>\n\n\n\n<p><strong>El Departamento de Defensa\u00a0de Estados Unidos asever\u00f3<\/strong>\u00a0este jueves que\u00a0<strong>no hay informaci\u00f3n<\/strong>\u00a0<strong>que\u00a0sugiera que un misil tierra-aire derrib\u00f3 el avi\u00f3n que\u00a0presuntamente transportaba al l\u00edder mercenario ruso\u00a0Yevgeny\u00a0Prigozhin.\u00a0<\/strong><\/p>\n\n\n\n<p>El general de brigada<strong>&nbsp;Patrick Ryder<\/strong>, portavoz del Pent\u00e1gono, no&nbsp;ofreci\u00f3 m\u00e1s detalles ni pruebas cuando hizo sus comentarios en una&nbsp;conferencia de prensa del Departamento de Defensa.<\/p>\n\n\n\n<p>Reuters hab\u00eda informado m\u00e1s temprano el jueves que Estados&nbsp;Unidos estaba analizando una serie de teor\u00edas sobre la causa del&nbsp;accidente del avi\u00f3n de Prigozhin, y cit\u00f3 a dos funcionarios&nbsp;estadounidenses que dijeron que probablemente un misil tierra-aire&nbsp;lo impact\u00f3.<\/p>\n\n\n\n<p><strong>Los funcionarios enfatizaron que la informaci\u00f3n a\u00fan era&nbsp;preliminar y estaba bajo revisi\u00f3n, y no descartaron un cambio en&nbsp;la evaluaci\u00f3n.<\/strong><\/p>\n\n\n\n<p>Las autoridades a\u00e9reas de Rusia dijeron que<strong>&nbsp;Prigozhin, su mano&nbsp;derecha Dmitry Utkin y otras ocho personas estaban en el avi\u00f3n&nbsp;privado que se estrell\u00f3 -sin dejar sobrevivientes- al norte de&nbsp;Mosc\u00fa el mi\u00e9rcoles.<\/strong><\/p>\n\n\n\n<p><strong>El Wall Street Journal, en tanto, public\u00f3 hoy una hip\u00f3tesis&nbsp;diferente: que una bomba a bordo del avi\u00f3n o alg\u00fan otro sabotaje&nbsp;caus\u00f3 el incidente.<\/strong><\/p>\n\n\n\n<p>No es raro que haya puntos de vista de inteligencia opuestos, e&nbsp;incluso contradictorios, en el gobierno de Estados Unidos en las&nbsp;horas y d\u00edas posteriores a los principales acontecimientos&nbsp;internacionales.<\/p>\n\n\n\n<p>Un tercer funcionario estadounidense dijo a Reuters que hab\u00eda&nbsp;varias teor\u00edas y que no se hab\u00eda llegado a ninguna conclusi\u00f3n.<\/p>\n\n\n\n<p><strong>El accidente se produjo dos meses despu\u00e9s de que Prigozhin y&nbsp;sus mercenarios del grupo Wagner organizaran un mot\u00edn en el que&nbsp;tomaron el control de una ciudad del sur y avanzaron hacia Mosc\u00fa,&nbsp;derribando varios aviones de la fuerza a\u00e9rea rusa y matando a sus&nbsp;pilotos.<\/strong><\/p>\n\n\n\n<p>El presidente de Estados Unidos,&nbsp;<strong>Joe Biden,<\/strong>&nbsp;dijo el mi\u00e9rcoles&nbsp;que no le sorprendieron los informes de que Prigozhin hab\u00eda muerto&nbsp;en un accidente a\u00e9reo, y a\u00f1adi\u00f3 que no suceden muchas cosas en&nbsp;Rusia en que el mandatario Vladimir Putin no est\u00e9 detr\u00e1s.<\/p>\n\n\n\n<p><strong>Putin dijo el jueves que deseaba expresar sus sincerascondolencias a las familias de quienes murieron en el accidente y&nbsp;dijo que era necesario esperar el resultado de la investigaci\u00f3n oficial.<\/strong><\/p>\n\n\n\n<p><strong>Prigozhin,<\/strong>&nbsp;de 62 a\u00f1os, jefe del grupo mercenario Wagner,&nbsp;<strong>critic\u00f3 con frecuencia a los altos mandos del Ej\u00e9rcito ruso<\/strong>&nbsp;por lo&nbsp;que dijo era su incompetente prosecuci\u00f3n de la guerra en Ucrania.<\/p>\n","protected":false},"excerpt":{"rendered":"<p>En Estados Unidos se manejan otras hip\u00f3tesis en torno a este episodio. El Departamento de Defensa\u00a0de Estados Unidos asever\u00f3\u00a0este jueves que\u00a0no hay informaci\u00f3n\u00a0que\u00a0sugiera que un misil tierra-aire derrib\u00f3 el avi\u00f3n&hellip; <\/p>\n","protected":false},"author":4,"featured_media":82906,"comment_status":"closed","ping_status":"open","sticky":false,"template":"","format":"standard","meta":{"footnotes":""},"categories":[11],"tags":[],"class_list":["post-82905","post","type-post","status-publish","format-standard","has-post-thumbnail","hentry","category-internacionales"],"_links":{"self":[{"href":"https:\/\/corrientesdetarde.com\/index.php\/wp-json\/wp\/v2\/posts\/82905","targetHints":{"allow":["GET"]}}],"collection":[{"href":"https:\/\/corrientesdetarde.com\/index.php\/wp-json\/wp\/v2\/posts"}],"about":[{"href":"https:\/\/corrientesdetarde.com\/index.php\/wp-json\/wp\/v2\/types\/post"}],"author":[{"embeddable":true,"href":"https:\/\/corrientesdetarde.com\/index.php\/wp-json\/wp\/v2\/users\/4"}],"replies":[{"embeddable":true,"href":"https:\/\/corrientesdetarde.com\/index.php\/wp-json\/wp\/v2\/comments?post=82905"}],"version-history":[{"count":1,"href":"https:\/\/corrientesdetarde.com\/index.php\/wp-json\/wp\/v2\/posts\/82905\/revisions"}],"predecessor-version":[{"id":82913,"href":"https:\/\/corrientesdetarde.com\/index.php\/wp-json\/wp\/v2\/posts\/82905\/revisions\/82913"}],"wp:featuredmedia":[{"embeddable":true,"href":"https:\/\/corrientesdetarde.com\/index.php\/wp-json\/wp\/v2\/media\/82906"}],"wp:attachment":[{"href":"https:\/\/corrientesdetarde.com\/index.php\/wp-json\/wp\/v2\/media?parent=82905"}],"wp:term":[{"taxonomy":"category","embeddable":true,"href":"https:\/\/corrientesdetarde.com\/index.php\/wp-json\/wp\/v2\/categories?post=82905"},{"taxonomy":"post_tag","embeddable":true,"href":"https:\/\/corrientesdetarde.com\/index.php\/wp-json\/wp\/v2\/tags?post=82905"}],"curies":[{"name":"wp","href":"https:\/\/api.w.org\/{rel}","templated":true}]}}