{"id":82907,"date":"2023-08-24T22:36:21","date_gmt":"2023-08-25T01:36:21","guid":{"rendered":"https:\/\/corrientesdetarde.com\/?p=82907"},"modified":"2023-08-24T22:36:32","modified_gmt":"2023-08-25T01:36:32","slug":"ancelotti-descarto-que-el-real-madrid-fiche-a-mbappe-en-este-mercado-de-pases","status":"publish","type":"post","link":"https:\/\/corrientesdetarde.com\/index.php\/deportes\/ancelotti-descarto-que-el-real-madrid-fiche-a-mbappe-en-este-mercado-de-pases\/","title":{"rendered":"Ancelotti descart\u00f3 que el Real Madrid fiche a Mbapp\u00e9 en este mercado de pases"},"content":{"rendered":"\n<p>El delantero franc\u00e9s, que se encuentra en conflicto en el PSG, no arribar\u00e1 al equipo espa\u00f1ol.<\/p>\n\n\n\n<p><strong>El Real Madrid descart\u00f3 la posibilidad de fichar a<\/strong>l delantero de Francia<strong>&nbsp;Kylian Mbapp\u00e9<\/strong>&nbsp;antes de que se cierre el per\u00edodo de traspasos la pr\u00f3xima semana,&nbsp;<strong>dijo este jueves su entrenador, Carlo Ancelotti,<\/strong>&nbsp;mientras siguen los rumores sobre el delantero del Paris Saint-Germain (PSG) en relaci\u00f3n con el club de LaLiga.<\/p>\n\n\n\n<p>Ancelotti a\u00f1adi\u00f3 que es poco probable que el Real Madrid realice m\u00e1s fichajes en la actual ventana, que se cierra el 1 de septiembre.<\/p>\n\n\n\n<p>Cuando se le pregunt\u00f3 por el delantero franc\u00e9s, dijo a los periodistas:&nbsp;<strong>&#8220;Lo descarto al cien por cien. Creo que la plantilla est\u00e1 cerrada y todos los jugadores est\u00e1n focalizados en esta temporada&#8221;.<\/strong><\/p>\n\n\n\n<p>La ventana de transferencias sigue abierta en Arabia Saudita m\u00e1s all\u00e1 del 1 de septiembre, lo que significa que los clubes del pa\u00eds del golfo P\u00e9rsico todav\u00eda podr\u00edan llevarse a los mejores jugadores de Europa, pero el t\u00e9cnico del Madrid no estaba preocupado.<\/p>\n\n\n\n<p><strong>&#8220;Alguien puede cambiar de idea, pero no tengo miedo de esto&#8221;,<\/strong>&nbsp;a\u00f1adi\u00f3 antes del partido de LaLiga del Real Madrid en el campo del Celta de Vigo el viernes.<\/p>\n\n\n\n<p>Por otra parte, el centrocampista Luka Modri\u0107 no fue titular en los dos primeros partidos de liga del Real Madrid, lo que llev\u00f3 a especular con que el croata est\u00e1 descontento con la situaci\u00f3n, algo que Ancelotti neg\u00f3.<\/p>\n\n\n\n<p><strong>&#8220;Luka ha elegido lo que quiere hacer. Es una situaci\u00f3n inusual que no juegue de inicio, como de costumbre. No est\u00e1 contento, pero est\u00e1 muy bien f\u00edsicamente. Puede jugar y va a aportar&#8221;,<\/strong>&nbsp;dijo Ancelotti.<\/p>\n\n\n\n<p><strong>&#8220;Para todo el mundo es una situaci\u00f3n particular que un jugador como \u00e9l no juegue desde el primer minuto<\/strong>, pero va a jugar y a aportar como en las temporadas pasadas&#8221;.<\/p>\n\n\n\n<p>Ancelotti tambi\u00e9n dijo que el nuevo fichaje&nbsp;<strong>Kepa Arrizabalaga<\/strong>, cedido desde el Chelsea,<strong>&nbsp;debutar\u00e1 en la porter\u00eda en el primer partido de liga en casa del Real Madrid esta temporada.<\/strong><\/p>\n\n\n\n<p>Andriy Lunin fue el guardameta en las dos primeras victorias de la campa\u00f1a, despu\u00e9s de que Thibaut Courtois fuera operado de una rotura del ligamento cruzado anterior de la rodilla izquierda.<\/p>\n","protected":false},"excerpt":{"rendered":"<p>El delantero franc\u00e9s, que se encuentra en conflicto en el PSG, no arribar\u00e1 al equipo espa\u00f1ol. El Real Madrid descart\u00f3 la posibilidad de fichar al delantero de Francia&nbsp;Kylian Mbapp\u00e9&nbsp;antes de&hellip; <\/p>\n","protected":false},"author":4,"featured_media":82908,"comment_status":"closed","ping_status":"open","sticky":false,"template":"","format":"standard","meta":{"footnotes":""},"categories":[4],"tags":[],"class_list":["post-82907","post","type-post","status-publish","format-standard","has-post-thumbnail","hentry","category-deportes"],"_links":{"self":[{"href":"https:\/\/corrientesdetarde.com\/index.php\/wp-json\/wp\/v2\/posts\/82907","targetHints":{"allow":["GET"]}}],"collection":[{"href":"https:\/\/corrientesdetarde.com\/index.php\/wp-json\/wp\/v2\/posts"}],"about":[{"href":"https:\/\/corrientesdetarde.com\/index.php\/wp-json\/wp\/v2\/types\/post"}],"author":[{"embeddable":true,"href":"https:\/\/corrientesdetarde.com\/index.php\/wp-json\/wp\/v2\/users\/4"}],"replies":[{"embeddable":true,"href":"https:\/\/corrientesdetarde.com\/index.php\/wp-json\/wp\/v2\/comments?post=82907"}],"version-history":[{"count":1,"href":"https:\/\/corrientesdetarde.com\/index.php\/wp-json\/wp\/v2\/posts\/82907\/revisions"}],"predecessor-version":[{"id":82909,"href":"https:\/\/corrientesdetarde.com\/index.php\/wp-json\/wp\/v2\/posts\/82907\/revisions\/82909"}],"wp:featuredmedia":[{"embeddable":true,"href":"https:\/\/corrientesdetarde.com\/index.php\/wp-json\/wp\/v2\/media\/82908"}],"wp:attachment":[{"href":"https:\/\/corrientesdetarde.com\/index.php\/wp-json\/wp\/v2\/media?parent=82907"}],"wp:term":[{"taxonomy":"category","embeddable":true,"href":"https:\/\/corrientesdetarde.com\/index.php\/wp-json\/wp\/v2\/categories?post=82907"},{"taxonomy":"post_tag","embeddable":true,"href":"https:\/\/corrientesdetarde.com\/index.php\/wp-json\/wp\/v2\/tags?post=82907"}],"curies":[{"name":"wp","href":"https:\/\/api.w.org\/{rel}","templated":true}]}}