{"id":82910,"date":"2023-08-24T22:42:49","date_gmt":"2023-08-25T01:42:49","guid":{"rendered":"https:\/\/corrientesdetarde.com\/?p=82910"},"modified":"2023-08-24T22:43:01","modified_gmt":"2023-08-25T01:43:01","slug":"sabor-agridulce-para-tevez-izquierdoz-no-llegara-a-independiente-pero-sumo-a-nicolas-chiesa-al-cuerpo-tecnico","status":"publish","type":"post","link":"https:\/\/corrientesdetarde.com\/index.php\/deportes\/sabor-agridulce-para-tevez-izquierdoz-no-llegara-a-independiente-pero-sumo-a-nicolas-chiesa-al-cuerpo-tecnico\/","title":{"rendered":"Sabor agridulce para Tevez: Izquierdoz no llegar\u00e1 a Independiente, pero sum\u00f3 a Nicol\u00e1s Chiesa al cuerpo t\u00e9cnico"},"content":{"rendered":"\n<p>El defensor le comunic\u00f3 al entrenador que no podr\u00e1 salir de Sporting Gij\u00f3n. Adem\u00e1s, el flamante ayudante de campo\u00a0viene de acompa\u00f1ar a Alfaro en el Mundial de Qatar.<\/p>\n\n\n\n<p>El defensor\u00a0<strong>Carlos Izquierdoz,<\/strong>\u00a0quien actualmente se encuentra en Sporting Gij\u00f3n de la segunda divisi\u00f3n de Espa\u00f1a,\u00a0<strong>no jugar\u00e1 en\u00a0Independiente\u00a0tras el ofrecimiento que le hab\u00edan hecho desde el club luego de que\u00a0Carlos Tevez\u00a0asumiera como entrenador y solicitara su contrataci\u00f3n.<\/strong><\/p>\n\n\n\n<p>En conferencia de prensa, el flamante entrenador pidi\u00f3 por su ex compa\u00f1ero y asegur\u00f3 que quer\u00eda llegar a la entidad de Avellaneda:&nbsp;<em><strong>&#8220;Solamente le digo al hincha de Independiente que tiene ganas de venir, tiene ganas de ponerse la camiseta de Independiente y eso para m\u00ed es important\u00edsimo&#8221;<\/strong><\/em>.<\/p>\n\n\n\n<p>M\u00e1s all\u00e1 del optimismo de Tevez, la directiva de Independiente volvi\u00f3 a demostrar su falencia a la hora de encarar las negociaciones y le ofrecieron una cifra econ\u00f3mica menor a la solicitada en el inicio de mercado de pases, y este jueves, al mejor la misma, el futbolista advirti\u00f3 que el club espa\u00f1ol no lo dejar\u00e1 salir ya es considerado un referente dentro del plantel.<\/p>\n\n\n\n<p>Izquierdoz hab\u00eda llegado a Sporting Gij\u00f3n en julio de 2022 y firm\u00f3 un contrato por dos temporadas, de las cuales solo cumpli\u00f3 una por el momento.&nbsp;<strong>All\u00ed disput\u00f3 35 partidos de los 44 que tuvo el equipo y en muy pocas ocasiones fue reemplazado.&nbsp;<\/strong>Adem\u00e1s, convirti\u00f3 un gol en su segundo partido en el club.&nbsp;<\/p>\n\n\n\n<p>Tras su negativa, habr\u00e1 que ver qu\u00e9 sucede con el mercado de pases de Independiente, que ya incorpor\u00f3 a<strong>&nbsp;Federico Mancuello, Felipe Aguilar, Mauricio Isla y Alexis Canelo<\/strong>. Mientras que recuper\u00f3 de un pr\u00e9stamo a&nbsp;<strong>Lucas Gonz\u00e1lez<\/strong>.<\/p>\n\n\n\n<p>Pese a esos refuerzos, luego de reemplazar a Ricardo Zielinski,&nbsp;<strong>Tevez pidi\u00f3 sumar<\/strong>&nbsp;<strong>un defensor central, un volante ofensivo y un delantero<\/strong>. En la zaga central, sin Izquierdoz, podr\u00edan buscar otra alternativa, mientras que los apuntados en las dem\u00e1s posiciones son&nbsp;<strong>Domingo Blanc<\/strong>o (intenta forzar su salida del f\u00fatbol de Ucrania) y&nbsp;<strong>Lucas Colitto,&nbsp;<\/strong>quien se encuentra en Barracas Central.<\/p>\n\n\n\n<h2 class=\"wp-block-heading\">Nicol\u00e1s Chiesa se suma al cuerpo t\u00e9cnico Tevez&nbsp;<\/h2>\n\n\n\n<figure class=\"wp-block-image\"><img decoding=\"async\" src=\"https:\/\/noticiasargentinas.com\/images\/NA\/Contenidos\/Nicolas-Chiesa-3-1024x682.webp\" alt=\"Nicolas-Chiesa-3-1024x682.jpg\"\/><\/figure>\n\n\n\n<p>Con la intenci\u00f3n de salvar a Independiente del descenso, Carlos Tevez asumi\u00f3 como director t\u00e9cnico, y sum\u00f3 a un nuevo integrante en su grupo trabajo: Nicol\u00e1s Chiesa, quien acompa\u00f1\u00f3 a Gustavo Alfaro en el Mundial de Qatar 2022 con Ecuador, ser\u00e1 el ayudante de campo.<\/p>\n\n\n\n<p>E<strong>l exfutbolista acept\u00f3 la propuesta y formar\u00e1 parte del cuerpo t\u00e9cnico del &#8220;Apache&#8221;&nbsp;<\/strong>con todos los ca\u00f1ones apuntados a salvar al equipo del descenso, hy jugar\u00eda un triangular con Hurac\u00e1n y Col\u00f3n de Santa Fe para definir quien pierde la categor\u00eda.<\/p>\n\n\n\n<p><strong>Chiesa&nbsp;<\/strong>supo ser la mano derecha de&nbsp;<strong>Alfaro&nbsp;<\/strong>en la aventura mundialista de Qatar con la s<strong>elecci\u00f3n de Ecuador<\/strong>, donde estuvieron muy cerca de clasificar a los octavos de final. Adem\u00e1s,&nbsp;<strong>form\u00f3 parte del cuerpo t\u00e9cnico de &#8220;Lechuga&#8221; cuando dirigi\u00f3 a Boca en 2019<\/strong>, aunque en aquella ocasi\u00f3n formaba parte de la Secretar\u00eda T\u00e9cnica.<\/p>\n\n\n\n<p><strong>Alfaro&nbsp;<\/strong>vio que el por entonces ex integrante de la Secretar\u00eda T\u00e9cnica de Boca pod\u00eda sumarle a su cuerpo t\u00e9cnico y&nbsp;<strong>lo integr\u00f3 a su equipo de trabajo cuando asumi\u00f3 en la Selecci\u00f3n de Ecuador en el a\u00f1o 2020<\/strong>, y hasta fines del a\u00f1o 2022 trabajaron en conjunto.<\/p>\n","protected":false},"excerpt":{"rendered":"<p>El defensor le comunic\u00f3 al entrenador que no podr\u00e1 salir de Sporting Gij\u00f3n. Adem\u00e1s, el flamante ayudante de campo\u00a0viene de acompa\u00f1ar a Alfaro en el Mundial de Qatar. El defensor\u00a0Carlos&hellip; <\/p>\n","protected":false},"author":4,"featured_media":82911,"comment_status":"closed","ping_status":"open","sticky":false,"template":"","format":"standard","meta":{"footnotes":""},"categories":[4],"tags":[],"class_list":["post-82910","post","type-post","status-publish","format-standard","has-post-thumbnail","hentry","category-deportes"],"_links":{"self":[{"href":"https:\/\/corrientesdetarde.com\/index.php\/wp-json\/wp\/v2\/posts\/82910","targetHints":{"allow":["GET"]}}],"collection":[{"href":"https:\/\/corrientesdetarde.com\/index.php\/wp-json\/wp\/v2\/posts"}],"about":[{"href":"https:\/\/corrientesdetarde.com\/index.php\/wp-json\/wp\/v2\/types\/post"}],"author":[{"embeddable":true,"href":"https:\/\/corrientesdetarde.com\/index.php\/wp-json\/wp\/v2\/users\/4"}],"replies":[{"embeddable":true,"href":"https:\/\/corrientesdetarde.com\/index.php\/wp-json\/wp\/v2\/comments?post=82910"}],"version-history":[{"count":1,"href":"https:\/\/corrientesdetarde.com\/index.php\/wp-json\/wp\/v2\/posts\/82910\/revisions"}],"predecessor-version":[{"id":82912,"href":"https:\/\/corrientesdetarde.com\/index.php\/wp-json\/wp\/v2\/posts\/82910\/revisions\/82912"}],"wp:featuredmedia":[{"embeddable":true,"href":"https:\/\/corrientesdetarde.com\/index.php\/wp-json\/wp\/v2\/media\/82911"}],"wp:attachment":[{"href":"https:\/\/corrientesdetarde.com\/index.php\/wp-json\/wp\/v2\/media?parent=82910"}],"wp:term":[{"taxonomy":"category","embeddable":true,"href":"https:\/\/corrientesdetarde.com\/index.php\/wp-json\/wp\/v2\/categories?post=82910"},{"taxonomy":"post_tag","embeddable":true,"href":"https:\/\/corrientesdetarde.com\/index.php\/wp-json\/wp\/v2\/tags?post=82910"}],"curies":[{"name":"wp","href":"https:\/\/api.w.org\/{rel}","templated":true}]}}