{"id":82914,"date":"2023-08-24T22:46:24","date_gmt":"2023-08-25T01:46:24","guid":{"rendered":"https:\/\/corrientesdetarde.com\/?p=82914"},"modified":"2023-08-24T22:46:35","modified_gmt":"2023-08-25T01:46:35","slug":"joaquin-correa-seguira-su-carrera-en-el-olympique-de-marsella","status":"publish","type":"post","link":"https:\/\/corrientesdetarde.com\/index.php\/deportes\/joaquin-correa-seguira-su-carrera-en-el-olympique-de-marsella\/","title":{"rendered":"Joaqu\u00edn Correa seguir\u00e1 su carrera en el Olympique de Marsella"},"content":{"rendered":"\n<p>El delantero jug\u00f3 las \u00faltimas dos temporadas en el Inter de Mil\u00e1n en donde disput\u00f3 77 partidos y marc\u00f3 10 goles.<\/p>\n\n\n\n<p>El delantero argentino&nbsp;<strong>Joaqu\u00edn Correa<\/strong>&nbsp;seguir\u00e1 su carrera en el<strong>&nbsp;Olympique de Marsella<\/strong>&nbsp;de la Ligue 1 de Francia en condici\u00f3n de pr\u00e9stamo por un a\u00f1o por dos millones de euros y con opci\u00f3n de compra obligatoria de 10 millones en la moneda europea.<\/p>\n\n\n\n<p>Correa pas\u00f3 los \u00faltimos cinco a\u00f1os de su carrera en Italia, en donde jug\u00f3 tres temporadas en la&nbsp;<strong>Lazio<\/strong>, en donde&nbsp;<strong>disput\u00f3 117 partidos y anot\u00f3 30 goles<\/strong>, y luego estuvo dos temporadas en el&nbsp;<strong>Inter de Mil\u00e1n<\/strong>, en el cu\u00e1l&nbsp;<strong>jug\u00f3 77 encuentros y convirti\u00f3 10 goles<\/strong>.<\/p>\n\n\n\n<p>Desde los medios franceses y el periodista Fabrizio Romano, los dos clubes ya habr\u00edan arreglado el contrato con el futbolista desde hace algunos d\u00edas por lo que su llegada al equipo celeste se dar\u00eda lo m\u00e1s pronto posible.<\/p>\n\n\n\n<p>Adem\u00e1s,&nbsp;<strong>la opci\u00f3n de compra que le puso el Inter de 10 millones de euros puede ejecutarse si el Marsella clasifica a la pr\u00f3xima UEFA Champions League en junio de 2024<\/strong>.<\/p>\n\n\n\n<p>Correa fue uno de los futbolistas que&nbsp;<strong>no lleg\u00f3 desde lo f\u00edsico para disputar el Mundial de Qatar 2022 por lo que no pudo ser parte del plantel campe\u00f3n del mundo<\/strong>, aunque si fue parte de todo el proceso previo.<\/p>\n\n\n\n<p>Hace algunos meses, desde Espa\u00f1a se baraj\u00f3 la posibilidad de una llegada del delantero al Barcelona, en un intercambio por el neerland\u00e9s Memphis Depay, pero debido a los problemas econ\u00f3micos del club catal\u00e1n no se avanz\u00f3 en las negociaciones.<\/p>\n","protected":false},"excerpt":{"rendered":"<p>El delantero jug\u00f3 las \u00faltimas dos temporadas en el Inter de Mil\u00e1n en donde disput\u00f3 77 partidos y marc\u00f3 10 goles. El delantero argentino&nbsp;Joaqu\u00edn Correa&nbsp;seguir\u00e1 su carrera en el&nbsp;Olympique de&hellip; <\/p>\n","protected":false},"author":4,"featured_media":82916,"comment_status":"closed","ping_status":"open","sticky":false,"template":"","format":"standard","meta":{"footnotes":""},"categories":[4],"tags":[],"class_list":["post-82914","post","type-post","status-publish","format-standard","has-post-thumbnail","hentry","category-deportes"],"_links":{"self":[{"href":"https:\/\/corrientesdetarde.com\/index.php\/wp-json\/wp\/v2\/posts\/82914","targetHints":{"allow":["GET"]}}],"collection":[{"href":"https:\/\/corrientesdetarde.com\/index.php\/wp-json\/wp\/v2\/posts"}],"about":[{"href":"https:\/\/corrientesdetarde.com\/index.php\/wp-json\/wp\/v2\/types\/post"}],"author":[{"embeddable":true,"href":"https:\/\/corrientesdetarde.com\/index.php\/wp-json\/wp\/v2\/users\/4"}],"replies":[{"embeddable":true,"href":"https:\/\/corrientesdetarde.com\/index.php\/wp-json\/wp\/v2\/comments?post=82914"}],"version-history":[{"count":1,"href":"https:\/\/corrientesdetarde.com\/index.php\/wp-json\/wp\/v2\/posts\/82914\/revisions"}],"predecessor-version":[{"id":82917,"href":"https:\/\/corrientesdetarde.com\/index.php\/wp-json\/wp\/v2\/posts\/82914\/revisions\/82917"}],"wp:featuredmedia":[{"embeddable":true,"href":"https:\/\/corrientesdetarde.com\/index.php\/wp-json\/wp\/v2\/media\/82916"}],"wp:attachment":[{"href":"https:\/\/corrientesdetarde.com\/index.php\/wp-json\/wp\/v2\/media?parent=82914"}],"wp:term":[{"taxonomy":"category","embeddable":true,"href":"https:\/\/corrientesdetarde.com\/index.php\/wp-json\/wp\/v2\/categories?post=82914"},{"taxonomy":"post_tag","embeddable":true,"href":"https:\/\/corrientesdetarde.com\/index.php\/wp-json\/wp\/v2\/tags?post=82914"}],"curies":[{"name":"wp","href":"https:\/\/api.w.org\/{rel}","templated":true}]}}