{"id":82930,"date":"2023-08-25T00:04:11","date_gmt":"2023-08-25T03:04:11","guid":{"rendered":"https:\/\/corrientesdetarde.com\/?p=82930"},"modified":"2023-08-25T00:04:22","modified_gmt":"2023-08-25T03:04:22","slug":"nicolas-orsini-se-va-de-boca-para-jugar-en-union","status":"publish","type":"post","link":"https:\/\/corrientesdetarde.com\/index.php\/deportes\/nicolas-orsini-se-va-de-boca-para-jugar-en-union\/","title":{"rendered":"Nicol\u00e1s Orsini se va de Boca para jugar en Uni\u00f3n"},"content":{"rendered":"\n<p>El delantero llegar\u00e1 a pr\u00e9stamo hasta diciembre de 2024 con cargo y opci\u00f3n de compra.<\/p>\n\n\n\n<p>A pesar del inter\u00e9s de Independiente y Hurac\u00e1n&nbsp; por sumarlo,<strong>&nbsp;el delantero Nicol\u00e1s Orsini finalmente acord\u00f3 su incorporaci\u00f3n de Uni\u00f3n de Santa Fe<\/strong>, donde firmar\u00e1&nbsp;<strong>contrato por un a\u00f1o y medio.<\/strong><\/p>\n\n\n\n<p>Luego de una semana de negociaciones, las dirigencias del equipo santafesino y de Boca, due\u00f1o de su pase, lograron llegar a un acuerdo para que el futbolista se sume al plantel de Cristi\u00e1n Gonz\u00e1lez, quien presion\u00f3 para que se resuelva la operaci\u00f3n de manera exitosa.<\/p>\n\n\n\n<figure class=\"wp-block-embed is-type-rich is-provider-twitter wp-block-embed-twitter\"><div class=\"wp-block-embed__wrapper\">\n<blockquote class=\"twitter-tweet\" data-width=\"550\" data-dnt=\"true\"><p lang=\"es\" dir=\"ltr\">SE VA PARA SANTA FE \u2705<br><br>Boca anunci\u00f3 que lleg\u00f3 a un acuerdo con Uni\u00f3n por Nicol\u00e1s Orsini. El delantero ir\u00e1 a pr\u00e9stamo al Tatengue hasta diciembre de 2024. <a href=\"https:\/\/t.co\/dFXGxI2KKl\">pic.twitter.com\/dFXGxI2KKl<\/a><\/p>&mdash; TNT Sports Argentina (@TNTSportsAR) <a href=\"https:\/\/twitter.com\/TNTSportsAR\/status\/1694813085201223804?ref_src=twsrc%5Etfw\">August 24, 2023<\/a><\/blockquote><script async src=\"https:\/\/platform.twitter.com\/widgets.js\" charset=\"utf-8\"><\/script>\n<\/div><\/figure>\n\n\n\n<p>El atacante llegar\u00e1 a<strong>&nbsp;pr\u00e9stamo hasta diciembre de 2024 con cargo y opci\u00f3n de compra.<\/strong>&nbsp;En las pr\u00f3ximas horas, se har\u00eda la revisi\u00f3n m\u00e9dica y firmar\u00eda el contrato que lo unir\u00eda al club.<\/p>\n\n\n\n<p><strong>Uni\u00f3n<\/strong>&nbsp;en lo que va del mercado de pases<strong>&nbsp;sum\u00f3 de manera oficial a Gonzalo Morales,<\/strong>&nbsp;tambi\u00e9n de Boca, donde ven\u00eda de jugar en reserva y que ya gener\u00f3 expectativas con el gol ante Racing. Adem\u00e1s, se sumaron el lateral Jairo O&#8217;Neil y el marcador central&nbsp;Franco Pardo.&nbsp;<\/p>\n\n\n\n<h2 class=\"wp-block-heading\"><br>Los n\u00fameros de Orsini<\/h2>\n\n\n\n<p>Orsini&nbsp;<strong>lleg\u00f3 a Boca Juniors en 2021<\/strong>&nbsp;y jug\u00f3 36 partidos y marc\u00f3 3 goles. Este a\u00f1o disput\u00f3 solo cuatro encuentros por la Liga Profesional.<\/p>\n\n\n\n<p>A lo largo de su carrera, tuvo pasos por Atl\u00e9tico Rafaela, por el f\u00fatbol asi\u00e1tico y Lan\u00fas. A lo largo de su trayectoria,<strong>&nbsp;jug\u00f3 225 partidos con un r\u00e9cord de 41 goles y 13 asistencias.<\/strong><\/p>\n","protected":false},"excerpt":{"rendered":"<p>El delantero llegar\u00e1 a pr\u00e9stamo hasta diciembre de 2024 con cargo y opci\u00f3n de compra. A pesar del inter\u00e9s de Independiente y Hurac\u00e1n&nbsp; por sumarlo,&nbsp;el delantero Nicol\u00e1s Orsini finalmente acord\u00f3&hellip; <\/p>\n","protected":false},"author":4,"featured_media":82942,"comment_status":"closed","ping_status":"open","sticky":false,"template":"","format":"standard","meta":{"footnotes":""},"categories":[4],"tags":[],"class_list":["post-82930","post","type-post","status-publish","format-standard","has-post-thumbnail","hentry","category-deportes"],"_links":{"self":[{"href":"https:\/\/corrientesdetarde.com\/index.php\/wp-json\/wp\/v2\/posts\/82930","targetHints":{"allow":["GET"]}}],"collection":[{"href":"https:\/\/corrientesdetarde.com\/index.php\/wp-json\/wp\/v2\/posts"}],"about":[{"href":"https:\/\/corrientesdetarde.com\/index.php\/wp-json\/wp\/v2\/types\/post"}],"author":[{"embeddable":true,"href":"https:\/\/corrientesdetarde.com\/index.php\/wp-json\/wp\/v2\/users\/4"}],"replies":[{"embeddable":true,"href":"https:\/\/corrientesdetarde.com\/index.php\/wp-json\/wp\/v2\/comments?post=82930"}],"version-history":[{"count":1,"href":"https:\/\/corrientesdetarde.com\/index.php\/wp-json\/wp\/v2\/posts\/82930\/revisions"}],"predecessor-version":[{"id":82943,"href":"https:\/\/corrientesdetarde.com\/index.php\/wp-json\/wp\/v2\/posts\/82930\/revisions\/82943"}],"wp:featuredmedia":[{"embeddable":true,"href":"https:\/\/corrientesdetarde.com\/index.php\/wp-json\/wp\/v2\/media\/82942"}],"wp:attachment":[{"href":"https:\/\/corrientesdetarde.com\/index.php\/wp-json\/wp\/v2\/media?parent=82930"}],"wp:term":[{"taxonomy":"category","embeddable":true,"href":"https:\/\/corrientesdetarde.com\/index.php\/wp-json\/wp\/v2\/categories?post=82930"},{"taxonomy":"post_tag","embeddable":true,"href":"https:\/\/corrientesdetarde.com\/index.php\/wp-json\/wp\/v2\/tags?post=82930"}],"curies":[{"name":"wp","href":"https:\/\/api.w.org\/{rel}","templated":true}]}}