{"id":82948,"date":"2023-08-25T08:25:30","date_gmt":"2023-08-25T11:25:30","guid":{"rendered":"https:\/\/corrientesdetarde.com\/?p=82948"},"modified":"2023-08-25T08:36:08","modified_gmt":"2023-08-25T11:36:08","slug":"iban-4-personas-en-una-moto-chocaron-contra-una-camioneta-y-un-nino-resulto-herido","status":"publish","type":"post","link":"https:\/\/corrientesdetarde.com\/index.php\/destacados\/iban-4-personas-en-una-moto-chocaron-contra-una-camioneta-y-un-nino-resulto-herido\/","title":{"rendered":"iban 4 personas en una moto, chocaron contra una camioneta y un ni\u00f1o result\u00f3 herido"},"content":{"rendered":"\n<p>Los cuatro integrantes de una familia que circulaban en una motocicleta resultaron con golpes, luego de estrellarse contra una camioneta en una de las calles internas del barrio San Mart\u00edn. Un ni\u00f1o de 11 a\u00f1os que viajaba en el veh\u00edculo menor, debi\u00f3 ser hospitalizado por la complejidad de su cuadro. Ninguno llevaba casco.<\/p>\n\n\n\n<p>El siniestro se registr\u00f3 alrededor de las 11:40 en la intersecci\u00f3n de las calles Perugorr\u00eda y Gobernador Castillo, del barrio San Mart\u00edn, cuando los cuatro integrantes de una familia, dos adultos y dos ni\u00f1os, que circulaban a bordo de una motocicleta Honda Wave de 110 cc., de color azul, conducida por una persona de apellido Peloso, 30 a\u00f1os, chocaron contra el frente de una camioneta utilitaria, Citr\u00f6en Berlingo de color blanca, conducida por un hombre de apellido Rol\u00f3n, de 41 a\u00f1os.<\/p>\n\n\n\n<p>El impacto provoc\u00f3 que todos los ocupantes de la moto salieran despedidos hacia uno de los costados y cayeran al piso, provoc\u00e1ndose lesiones de distinta consideraci\u00f3n. Pero uno de los menores fue el que se llev\u00f3 la peor parte y debi\u00f3 ser trasladado de urgencia hacia el Hospital Pedi\u00e1trico &#8220;Juan Pablo II&#8221;, en el que qued\u00f3 en observaci\u00f3n.<\/p>\n\n\n\n<p>Fuentes policiales indicaron que afortunadamente ninguno de los heridos golpe\u00f3 su cabeza contra el cord\u00f3n o el asfalto, ya que no llevaban cascos de seguridad. La moto qued\u00f3 seriamente da\u00f1ada, al igual que la camioneta utilitaria, que ten\u00eda la prioridad de paso antes de que sucediera el choque.<\/p>\n","protected":false},"excerpt":{"rendered":"<p>Los cuatro integrantes de una familia que circulaban en una motocicleta resultaron con golpes, luego de estrellarse contra una camioneta en una de las calles internas del barrio San Mart\u00edn.&hellip; <\/p>\n","protected":false},"author":1,"featured_media":82949,"comment_status":"closed","ping_status":"open","sticky":false,"template":"","format":"standard","meta":{"footnotes":""},"categories":[26,33],"tags":[],"class_list":["post-82948","post","type-post","status-publish","format-standard","has-post-thumbnail","hentry","category-destacados","category-policiales"],"_links":{"self":[{"href":"https:\/\/corrientesdetarde.com\/index.php\/wp-json\/wp\/v2\/posts\/82948","targetHints":{"allow":["GET"]}}],"collection":[{"href":"https:\/\/corrientesdetarde.com\/index.php\/wp-json\/wp\/v2\/posts"}],"about":[{"href":"https:\/\/corrientesdetarde.com\/index.php\/wp-json\/wp\/v2\/types\/post"}],"author":[{"embeddable":true,"href":"https:\/\/corrientesdetarde.com\/index.php\/wp-json\/wp\/v2\/users\/1"}],"replies":[{"embeddable":true,"href":"https:\/\/corrientesdetarde.com\/index.php\/wp-json\/wp\/v2\/comments?post=82948"}],"version-history":[{"count":1,"href":"https:\/\/corrientesdetarde.com\/index.php\/wp-json\/wp\/v2\/posts\/82948\/revisions"}],"predecessor-version":[{"id":82950,"href":"https:\/\/corrientesdetarde.com\/index.php\/wp-json\/wp\/v2\/posts\/82948\/revisions\/82950"}],"wp:featuredmedia":[{"embeddable":true,"href":"https:\/\/corrientesdetarde.com\/index.php\/wp-json\/wp\/v2\/media\/82949"}],"wp:attachment":[{"href":"https:\/\/corrientesdetarde.com\/index.php\/wp-json\/wp\/v2\/media?parent=82948"}],"wp:term":[{"taxonomy":"category","embeddable":true,"href":"https:\/\/corrientesdetarde.com\/index.php\/wp-json\/wp\/v2\/categories?post=82948"},{"taxonomy":"post_tag","embeddable":true,"href":"https:\/\/corrientesdetarde.com\/index.php\/wp-json\/wp\/v2\/tags?post=82948"}],"curies":[{"name":"wp","href":"https:\/\/api.w.org\/{rel}","templated":true}]}}