{"id":82986,"date":"2023-08-25T10:08:09","date_gmt":"2023-08-25T13:08:09","guid":{"rendered":"https:\/\/corrientesdetarde.com\/?p=82986"},"modified":"2023-08-25T10:08:20","modified_gmt":"2023-08-25T13:08:20","slug":"dia-del-peluquero-por-que-es-el-25-de-agosto","status":"publish","type":"post","link":"https:\/\/corrientesdetarde.com\/index.php\/informacion-general\/dia-del-peluquero-por-que-es-el-25-de-agosto\/","title":{"rendered":"D\u00eda del Peluquero: por qu\u00e9 es el 25 de agosto"},"content":{"rendered":"\n<p>Cada 25 de agosto se celebra el D\u00eda Internacional del Peluquero para rendirle homenaje a quienes trabajan sobre la est\u00e9tica y el cuidado del cabello.<\/p>\n\n\n\n<h2 class=\"wp-block-heading\">\u00bfPor qu\u00e9 se festeja el D\u00eda del Peluquero?<\/h2>\n\n\n\n<figure class=\"wp-block-image\"><img decoding=\"async\" src=\"https:\/\/billiken.lat\/wp-content\/uploads\/2023\/08\/image-61.png\" alt=\"D\u00eda del Peluquero:\" class=\"wp-image-61454\"\/><\/figure>\n\n\n\n<p>Se celebra el D\u00eda del Peluquero en conmemoraci\u00f3n al&nbsp;Rey Luis IX, quien design\u00f3 a su peluquero como &#8220;hombre libre&#8221; y elev\u00f3, de esta manera, su jerarqu\u00eda social. De esta manera, lo equipar\u00f3 con caballeros, jueces, m\u00e9dicos y magistrados, autoriz\u00e1ndole el uso de un espad\u00edn como parte de su atuendo, considerado un s\u00edmbolo de tal distinci\u00f3n.<\/p>\n\n\n\n<p>Su decisi\u00f3n le otorg\u00f3 un nuevo prestigio al oficio que, hasta el momento, solo se ocupaba de cuidar el pelo de los ricos.<\/p>\n\n\n\n<p>Entre otros antecedentes fundamentales se destaca que&nbsp;<strong>en la antigua Grecia y Egipto<\/strong>&nbsp;los esclavos eran los encargados del cuidado del cabello de sus amos.<\/p>\n\n\n\n<p>La cultura egipcia consideraba al cabello como un elemento fundamental de la belleza f\u00edsica, con una funci\u00f3n social y religiosa. Se utilizaba la henna para la coloraci\u00f3n capilar.<\/p>\n\n\n\n<p>Por otra parte,&nbsp;<strong>los griegos<\/strong>&nbsp;convirtieron el culto de la belleza como un pilar fundamental de su cultura, destacando la elaboraci\u00f3n de peinados de melenas largas, con rizos y ondas, reflejados en las estatuas y monumentos hist\u00f3ricos.<\/p>\n\n\n\n<h2 class=\"wp-block-heading\">\u00bfDesde cu\u00e1ndo se celebra en Argentina?<\/h2>\n\n\n\n<p>En Argentina, el D\u00eda del Peluquero se celebra desde 1940 cuando el Congreso Nacional de Peluqueros lo acord\u00f3 formalmente y dispuso el 25 de agosto como fecha.<\/p>\n","protected":false},"excerpt":{"rendered":"<p>Cada 25 de agosto se celebra el D\u00eda Internacional del Peluquero para rendirle homenaje a quienes trabajan sobre la est\u00e9tica y el cuidado del cabello. \u00bfPor qu\u00e9 se festeja el&hellip; <\/p>\n","protected":false},"author":1,"featured_media":82998,"comment_status":"closed","ping_status":"open","sticky":false,"template":"","format":"standard","meta":{"footnotes":""},"categories":[1],"tags":[],"class_list":["post-82986","post","type-post","status-publish","format-standard","has-post-thumbnail","hentry","category-informacion-general"],"_links":{"self":[{"href":"https:\/\/corrientesdetarde.com\/index.php\/wp-json\/wp\/v2\/posts\/82986","targetHints":{"allow":["GET"]}}],"collection":[{"href":"https:\/\/corrientesdetarde.com\/index.php\/wp-json\/wp\/v2\/posts"}],"about":[{"href":"https:\/\/corrientesdetarde.com\/index.php\/wp-json\/wp\/v2\/types\/post"}],"author":[{"embeddable":true,"href":"https:\/\/corrientesdetarde.com\/index.php\/wp-json\/wp\/v2\/users\/1"}],"replies":[{"embeddable":true,"href":"https:\/\/corrientesdetarde.com\/index.php\/wp-json\/wp\/v2\/comments?post=82986"}],"version-history":[{"count":1,"href":"https:\/\/corrientesdetarde.com\/index.php\/wp-json\/wp\/v2\/posts\/82986\/revisions"}],"predecessor-version":[{"id":82999,"href":"https:\/\/corrientesdetarde.com\/index.php\/wp-json\/wp\/v2\/posts\/82986\/revisions\/82999"}],"wp:featuredmedia":[{"embeddable":true,"href":"https:\/\/corrientesdetarde.com\/index.php\/wp-json\/wp\/v2\/media\/82998"}],"wp:attachment":[{"href":"https:\/\/corrientesdetarde.com\/index.php\/wp-json\/wp\/v2\/media?parent=82986"}],"wp:term":[{"taxonomy":"category","embeddable":true,"href":"https:\/\/corrientesdetarde.com\/index.php\/wp-json\/wp\/v2\/categories?post=82986"},{"taxonomy":"post_tag","embeddable":true,"href":"https:\/\/corrientesdetarde.com\/index.php\/wp-json\/wp\/v2\/tags?post=82986"}],"curies":[{"name":"wp","href":"https:\/\/api.w.org\/{rel}","templated":true}]}}