{"id":82987,"date":"2023-08-25T10:05:33","date_gmt":"2023-08-25T13:05:33","guid":{"rendered":"https:\/\/corrientesdetarde.com\/?p=82987"},"modified":"2023-08-25T10:05:45","modified_gmt":"2023-08-25T13:05:45","slug":"victoria-villarruel-le-respondio-a-lali-esposito-tras-su-critica-a-javier-milei-vos-te-llenas-la-billetera-con-el-estado","status":"publish","type":"post","link":"https:\/\/corrientesdetarde.com\/index.php\/destacados\/victoria-villarruel-le-respondio-a-lali-esposito-tras-su-critica-a-javier-milei-vos-te-llenas-la-billetera-con-el-estado\/","title":{"rendered":"Victoria Villarruel le respondi\u00f3 a Lali Esp\u00f3sito tras su cr\u00edtica a Javier Milei: &#8220;Vos te llen\u00e1s la billetera con el Estado&#8221;"},"content":{"rendered":"\n<p>Victoria Villarruel, candidata a vicepresidenta por La Libertad Avanza y compa\u00f1era de f\u00f3rmula de Javier Milei, le respondi\u00f3 a Lali Esp\u00f3sito luego de que la artista se expresara p\u00fablicamente tras el resultado de las PASO en el el candidato a presidente por dicho partido pol\u00edtico obtuviera m\u00e1s del 30 por ciento de los votos a favor.<\/p>\n\n\n\n<p>&#8220;La conozco a Lali pero no la escucho, no me gusta mucho esa m\u00fasica&#8221;, fue lo primero que dijo la diputada nacional y siguiendo la l\u00ednea de respuesta que hab\u00eda dado el candidato a presidente por La Libertad Avanza: &#8220;No s\u00e9 qui\u00e9n es. Yo escucho los Rolling Stones. Escucho \u00f3pera. No soy muy id\u00f3neo en m\u00fasica popular&#8221;.<\/p>\n\n\n\n<p>Al ser consultada por los dichos de la artista, que hab\u00eda dicho que el resultado de las PASO le parec\u00eda &#8220;triste y peligroso&#8221;, Villarruel asegur\u00f3 que &#8220;la opini\u00f3n de Lali no es desinteresada&#8221;. &#8220;Lali, vos te llen\u00e1s la billetera con el Estado. Puedo entender y es respetable tu opini\u00f3n como ciudadana, pero desde el momento en que vos recib\u00eds dinero p\u00fablico por los recitales que das, l\u00f3gicamente ten\u00e9s inter\u00e9s en seguir sosteni\u00e9ndote la billetera&#8221;, continu\u00f3 en un m\u00f3vil de Cr\u00f3nica.<\/p>\n\n\n\n<figure class=\"wp-block-image size-large\"><img loading=\"lazy\" decoding=\"async\" width=\"1024\" height=\"576\" src=\"https:\/\/corrientesdetarde.com\/wp-content\/uploads\/2023\/08\/image-708-1024x576.png\" alt=\"\" class=\"wp-image-82992\" srcset=\"https:\/\/corrientesdetarde.com\/wp-content\/uploads\/2023\/08\/image-708-1024x576.png 1024w, https:\/\/corrientesdetarde.com\/wp-content\/uploads\/2023\/08\/image-708-300x169.png 300w, https:\/\/corrientesdetarde.com\/wp-content\/uploads\/2023\/08\/image-708-768x432.png 768w, https:\/\/corrientesdetarde.com\/wp-content\/uploads\/2023\/08\/image-708.png 1066w\" sizes=\"auto, (max-width: 1024px) 100vw, 1024px\" \/><\/figure>\n\n\n\n<p>Por su parte, desestim\u00f3 las palabras de la actriz y cantante argentina y concluy\u00f3: &#8220;No me parece un tema importante y menos cuando hay gente que la est\u00e1 pasando muy mal. Lali, saludos para vos y segu\u00ed haciendo discos, porque de pol\u00edtica parece que no ten\u00e9s mucho para decir&#8221;.<\/p>\n\n\n\n<figure class=\"wp-block-embed is-type-rich is-provider-twitter wp-block-embed-twitter\"><div class=\"wp-block-embed__wrapper\">\n<blockquote class=\"twitter-tweet\" data-width=\"550\" data-dnt=\"true\"><p lang=\"es\" dir=\"ltr\">&quot;Lali, vos te llen\u00e1s la billetera con el Estado&quot;<br><br>Victoria Villarruel dijo que la cr\u00edtica de Lali Esp\u00f3sito a Javier Milei &quot;no es desinteresada&quot; porque &quot;recibe dinero p\u00fablico por los recitales&quot; y sentenci\u00f3: &quot;Segu\u00ed haciendo discos, de pol\u00edtica no ten\u00e9s mucho para decir&quot;. <a href=\"https:\/\/t.co\/a2qLiyss8L\">pic.twitter.com\/a2qLiyss8L<\/a><\/p>&mdash; Corta \ud83c\udfc6 (@somoscorta) <a href=\"https:\/\/twitter.com\/somoscorta\/status\/1694837992022573272?ref_src=twsrc%5Etfw\">August 24, 2023<\/a><\/blockquote><script async src=\"https:\/\/platform.twitter.com\/widgets.js\" charset=\"utf-8\"><\/script>\n<\/div><\/figure>\n\n\n\n<p>&#8220;Qu\u00e9 peligroso. Qu\u00e9 triste&#8221;, hab\u00eda escrito Lali Esp\u00f3sito en su cuenta de Twitter el domingo 13 de agosto a \u00faltima hora, luego de conocerse el resultado final de las PASO.<\/p>\n\n\n\n<figure class=\"wp-block-embed is-type-rich is-provider-twitter wp-block-embed-twitter\"><div class=\"wp-block-embed__wrapper\">\n<blockquote class=\"twitter-tweet\" data-width=\"550\" data-dnt=\"true\"><p lang=\"es\" dir=\"ltr\">Que peligroso. Que triste.<\/p>&mdash; Lali (@lalioficial) <a href=\"https:\/\/twitter.com\/lalioficial\/status\/1690908310407364608?ref_src=twsrc%5Etfw\">August 14, 2023<\/a><\/blockquote><script async src=\"https:\/\/platform.twitter.com\/widgets.js\" charset=\"utf-8\"><\/script>\n<\/div><\/figure>\n\n\n\n<p>Al d\u00eda siguiente, y luego de haber recibido cr\u00edticas en su contra por sus dichos en las redes sociales, la cantante volvi\u00f3 a expresarse p\u00fablicamente. &#8220;No me pone para nada mal que me \u2018bardeen\u2019 por considerar peligroso y triste que haya gente que vote a un ANTI-DERECHO. La violencia con la que bardean y los argumentos son un reflejo de lo que votan justamente. Nos mal acostumbramos a considerar que si alguien opina de una manera es porque est\u00e1 del \u2018otro bando\u2019 y del \u00fanico bando que voy a estar siempre (dentro del panorama decadente pol\u00edtico y econ\u00f3mico argentino) es del lado que no se caga en lo ganado en materia de derechos. Aunque sea eso me queda como votante joven argentina responsable, que no piensa en su ombligo \u00fanicamente&#8221;, indic\u00f3.<\/p>\n\n\n\n<p>&#8220;Podr\u00eda no opinar nada, obvio. Es lo m\u00e1s \u2018c\u00f3modo\u2019, pero no soy as\u00ed. As\u00ed que&#8230; \u00a1S\u00ed! Para mi es realmente triste votar a un Anti-Derecho. Eso opino. Igual tranquis que soy una ciudadana angustiada no una candidata ni nada. \u00a1Relajen! Un beso respetuoso para todos&#8221;, concluy\u00f3 en el posteo que escribi\u00f3 en la red social en la que tiene m\u00e1s de siete millones de seguidores.<\/p>\n","protected":false},"excerpt":{"rendered":"<p>Victoria Villarruel, candidata a vicepresidenta por La Libertad Avanza y compa\u00f1era de f\u00f3rmula de Javier Milei, le respondi\u00f3 a Lali Esp\u00f3sito luego de que la artista se expresara p\u00fablicamente tras&hellip; <\/p>\n","protected":false},"author":1,"featured_media":82991,"comment_status":"closed","ping_status":"open","sticky":false,"template":"","format":"standard","meta":{"footnotes":""},"categories":[26],"tags":[],"class_list":["post-82987","post","type-post","status-publish","format-standard","has-post-thumbnail","hentry","category-destacados"],"_links":{"self":[{"href":"https:\/\/corrientesdetarde.com\/index.php\/wp-json\/wp\/v2\/posts\/82987","targetHints":{"allow":["GET"]}}],"collection":[{"href":"https:\/\/corrientesdetarde.com\/index.php\/wp-json\/wp\/v2\/posts"}],"about":[{"href":"https:\/\/corrientesdetarde.com\/index.php\/wp-json\/wp\/v2\/types\/post"}],"author":[{"embeddable":true,"href":"https:\/\/corrientesdetarde.com\/index.php\/wp-json\/wp\/v2\/users\/1"}],"replies":[{"embeddable":true,"href":"https:\/\/corrientesdetarde.com\/index.php\/wp-json\/wp\/v2\/comments?post=82987"}],"version-history":[{"count":1,"href":"https:\/\/corrientesdetarde.com\/index.php\/wp-json\/wp\/v2\/posts\/82987\/revisions"}],"predecessor-version":[{"id":82993,"href":"https:\/\/corrientesdetarde.com\/index.php\/wp-json\/wp\/v2\/posts\/82987\/revisions\/82993"}],"wp:featuredmedia":[{"embeddable":true,"href":"https:\/\/corrientesdetarde.com\/index.php\/wp-json\/wp\/v2\/media\/82991"}],"wp:attachment":[{"href":"https:\/\/corrientesdetarde.com\/index.php\/wp-json\/wp\/v2\/media?parent=82987"}],"wp:term":[{"taxonomy":"category","embeddable":true,"href":"https:\/\/corrientesdetarde.com\/index.php\/wp-json\/wp\/v2\/categories?post=82987"},{"taxonomy":"post_tag","embeddable":true,"href":"https:\/\/corrientesdetarde.com\/index.php\/wp-json\/wp\/v2\/tags?post=82987"}],"curies":[{"name":"wp","href":"https:\/\/api.w.org\/{rel}","templated":true}]}}