{"id":82994,"date":"2023-08-25T11:55:23","date_gmt":"2023-08-25T14:55:23","guid":{"rendered":"https:\/\/corrientesdetarde.com\/?p=82994"},"modified":"2023-08-25T11:55:31","modified_gmt":"2023-08-25T14:55:31","slug":"el-vicegobernador-inauguro-la-jornada-de-infancias-emprendedoras","status":"publish","type":"post","link":"https:\/\/corrientesdetarde.com\/index.php\/locales\/el-vicegobernador-inauguro-la-jornada-de-infancias-emprendedoras\/","title":{"rendered":"El Vicegobernador inaugur\u00f3 la Jornada de \u201cInfancias Emprendedoras\u201d"},"content":{"rendered":"\n<p>Fortaleciendo la cultura emprendedora<br><br>En el Mes de las Infancias el Vicegobernador, Pedro Braillard Poccard, realiz\u00f3 este viernes la apertura de la 1\u00b0 Jornada de \u201cInfancias Emprendedoras\u201d en el recinto del Palacio Legislativo. Con el objetivo de desarrollar el esp\u00edritu emprendedor y la educaci\u00f3n financiera en las infancias fortaleciendo los contenidos abordados en el segundo ciclo del Nivel Primario.<br>En esta oportunidad, participaron alumnos de la Escuela N\u00b0 2 \u201cDomingo Faustino Sarmiento\u201d, Escuela N\u00b03 \u201cDel Centenario\u201d y de la Iglesia \u201cCasa de Dios\u201d. La jornada estuvo a cargo de la Direcci\u00f3n de Emprendedores de la Vicegobernaci\u00f3n, consisti\u00f3 en una charla sobre Cultura Emprendedora y Educaci\u00f3n Financiera en las Infancias.<br>En sus palabras de bienvenida, Braillard Poccard destac\u00f3 la iniciativa de esta jornada y se dirigi\u00f3 a los alumnos \u201cemprender es tener la actitud de hacer posible lo que deseen en la vida, intentar lograr sus sue\u00f1os. Siempre que tengan un sue\u00f1o o un proyecto piensen que con voluntad es posible hacerlo, y esa actitud sirve para toda la vida\u201d.<br>Desde la Vicegobernaci\u00f3n, a trav\u00e9s de la Direcci\u00f3n de Emprendedores, se busca transmitir h\u00e1bitos de consumo y ahorro, y el desarrollo de las habilidades para emprender en el mundo actual, considerando su importancia para todo ni\u00f1o y joven en el presente globalizado y vertiginoso.<\/p>\n","protected":false},"excerpt":{"rendered":"<p>Fortaleciendo la cultura emprendedora En el Mes de las Infancias el Vicegobernador, Pedro Braillard Poccard, realiz\u00f3 este viernes la apertura de la 1\u00b0 Jornada de \u201cInfancias Emprendedoras\u201d en el recinto&hellip; <\/p>\n","protected":false},"author":1,"featured_media":83010,"comment_status":"closed","ping_status":"open","sticky":false,"template":"","format":"standard","meta":{"footnotes":""},"categories":[8],"tags":[],"class_list":["post-82994","post","type-post","status-publish","format-standard","has-post-thumbnail","hentry","category-locales"],"_links":{"self":[{"href":"https:\/\/corrientesdetarde.com\/index.php\/wp-json\/wp\/v2\/posts\/82994","targetHints":{"allow":["GET"]}}],"collection":[{"href":"https:\/\/corrientesdetarde.com\/index.php\/wp-json\/wp\/v2\/posts"}],"about":[{"href":"https:\/\/corrientesdetarde.com\/index.php\/wp-json\/wp\/v2\/types\/post"}],"author":[{"embeddable":true,"href":"https:\/\/corrientesdetarde.com\/index.php\/wp-json\/wp\/v2\/users\/1"}],"replies":[{"embeddable":true,"href":"https:\/\/corrientesdetarde.com\/index.php\/wp-json\/wp\/v2\/comments?post=82994"}],"version-history":[{"count":1,"href":"https:\/\/corrientesdetarde.com\/index.php\/wp-json\/wp\/v2\/posts\/82994\/revisions"}],"predecessor-version":[{"id":83012,"href":"https:\/\/corrientesdetarde.com\/index.php\/wp-json\/wp\/v2\/posts\/82994\/revisions\/83012"}],"wp:featuredmedia":[{"embeddable":true,"href":"https:\/\/corrientesdetarde.com\/index.php\/wp-json\/wp\/v2\/media\/83010"}],"wp:attachment":[{"href":"https:\/\/corrientesdetarde.com\/index.php\/wp-json\/wp\/v2\/media?parent=82994"}],"wp:term":[{"taxonomy":"category","embeddable":true,"href":"https:\/\/corrientesdetarde.com\/index.php\/wp-json\/wp\/v2\/categories?post=82994"},{"taxonomy":"post_tag","embeddable":true,"href":"https:\/\/corrientesdetarde.com\/index.php\/wp-json\/wp\/v2\/tags?post=82994"}],"curies":[{"name":"wp","href":"https:\/\/api.w.org\/{rel}","templated":true}]}}