{"id":83004,"date":"2023-08-25T11:38:03","date_gmt":"2023-08-25T14:38:03","guid":{"rendered":"https:\/\/corrientesdetarde.com\/?p=83004"},"modified":"2023-08-25T11:38:37","modified_gmt":"2023-08-25T14:38:37","slug":"paritarias-camioneros-acordo-una-suba-salarial-del-61","status":"publish","type":"post","link":"https:\/\/corrientesdetarde.com\/index.php\/politica\/paritarias-camioneros-acordo-una-suba-salarial-del-61\/","title":{"rendered":"PARITARIAS: CAMIONEROS ACORD\u00d3 UNA SUBA SALARIAL DEL 61%"},"content":{"rendered":"\n<p>(Paablo roma, Gremiales) &#8211; El aumento por seis meses se aplicar\u00e1 en tres tramos no acumulativos. El acuerdo llega una semana despu\u00e9s de haber adelantado la negociaci\u00f3n.<\/p>\n\n\n\n<p>El sindicato de Camioneros acord\u00f3 una suba salarial del 61% por seis meses, que se aplicar\u00e1 en tres tramos no acumulativos. El acuerdo de paritarias lleg\u00f3 una semana despu\u00e9s de haber adelantado la negociaci\u00f3n paritaria para compensar el impacto de la escalada de precios producto de la devaluaci\u00f3n.<\/p>\n\n\n\n<p>El acuerdo lleg\u00f3 en una reuni\u00f3n entre el l\u00edder camionero Hugo Moyano y los representantes de las tres c\u00e1maras de la actividad (Faetyl, Fadeeeac y Catac). Ser\u00e1 presentado este viernes ante el Ministerio de Trabajo para su homologaci\u00f3n.<\/p>\n","protected":false},"excerpt":{"rendered":"<p>(Paablo roma, Gremiales) &#8211; El aumento por seis meses se aplicar\u00e1 en tres tramos no acumulativos. El acuerdo llega una semana despu\u00e9s de haber adelantado la negociaci\u00f3n. El sindicato de&hellip; <\/p>\n","protected":false},"author":11,"featured_media":83005,"comment_status":"closed","ping_status":"open","sticky":false,"template":"","format":"standard","meta":{"footnotes":""},"categories":[3],"tags":[998,283],"class_list":["post-83004","post","type-post","status-publish","format-standard","has-post-thumbnail","hentry","category-politica","tag-camionaos","tag-moyano"],"_links":{"self":[{"href":"https:\/\/corrientesdetarde.com\/index.php\/wp-json\/wp\/v2\/posts\/83004","targetHints":{"allow":["GET"]}}],"collection":[{"href":"https:\/\/corrientesdetarde.com\/index.php\/wp-json\/wp\/v2\/posts"}],"about":[{"href":"https:\/\/corrientesdetarde.com\/index.php\/wp-json\/wp\/v2\/types\/post"}],"author":[{"embeddable":true,"href":"https:\/\/corrientesdetarde.com\/index.php\/wp-json\/wp\/v2\/users\/11"}],"replies":[{"embeddable":true,"href":"https:\/\/corrientesdetarde.com\/index.php\/wp-json\/wp\/v2\/comments?post=83004"}],"version-history":[{"count":1,"href":"https:\/\/corrientesdetarde.com\/index.php\/wp-json\/wp\/v2\/posts\/83004\/revisions"}],"predecessor-version":[{"id":83006,"href":"https:\/\/corrientesdetarde.com\/index.php\/wp-json\/wp\/v2\/posts\/83004\/revisions\/83006"}],"wp:featuredmedia":[{"embeddable":true,"href":"https:\/\/corrientesdetarde.com\/index.php\/wp-json\/wp\/v2\/media\/83005"}],"wp:attachment":[{"href":"https:\/\/corrientesdetarde.com\/index.php\/wp-json\/wp\/v2\/media?parent=83004"}],"wp:term":[{"taxonomy":"category","embeddable":true,"href":"https:\/\/corrientesdetarde.com\/index.php\/wp-json\/wp\/v2\/categories?post=83004"},{"taxonomy":"post_tag","embeddable":true,"href":"https:\/\/corrientesdetarde.com\/index.php\/wp-json\/wp\/v2\/tags?post=83004"}],"curies":[{"name":"wp","href":"https:\/\/api.w.org\/{rel}","templated":true}]}}