{"id":83011,"date":"2023-08-25T11:57:41","date_gmt":"2023-08-25T14:57:41","guid":{"rendered":"https:\/\/corrientesdetarde.com\/?p=83011"},"modified":"2023-08-25T11:57:53","modified_gmt":"2023-08-25T14:57:53","slug":"ignorancia-supina-esteban-bullrich-apunto-a-javier-milei-por-su-postura-contra-el-conicet","status":"publish","type":"post","link":"https:\/\/corrientesdetarde.com\/index.php\/politica\/ignorancia-supina-esteban-bullrich-apunto-a-javier-milei-por-su-postura-contra-el-conicet\/","title":{"rendered":"&#8220;Ignorancia supina&#8221;: Esteban Bullrich apunt\u00f3 a Javier Milei por su postura contra el Conicet"},"content":{"rendered":"\n<p>(Corresponsalia Buenos Aires) &#8211; El ex senador y ministro de Educaci\u00f3n durante la presidencia de Mauricio Macri, Esteban Bullrich, critic\u00f3 duramente la posici\u00f3n del libertario Javier Milei sobre el Consejo Nacional de Investigaciones Cient\u00edficas y T\u00e9cnicas (CONICET).<\/p>\n\n\n\n<p>&#8220;Denunci\u00e9 la corrupci\u00f3n kirchnerista de cuando muy pocos lo hac\u00edan, y creo que la pol\u00edtica es la que debe ser la que se ajuste esta vez y profundamente&#8221;, inici\u00f3 Bullrich en una publicaci\u00f3n en sus redes sociales.<\/p>\n\n\n\n<p>En esa l\u00ednea, el ex funcionario apunt\u00f3 contra el libertario: &#8220;Pero describir al CONICET como una cueva de \u00f1oquis es de una ignorancia supina, y cerrarlo ser\u00eda causarle un enorme da\u00f1o a nuestro pa\u00eds&#8221;.<\/p>\n\n\n\n<p>Tras imponerse en las primarias, Milei ratific\u00f3 su decisi\u00f3n de implementar un fuerte ajuste en la estructura estatal, incluido el CONICET, y recibi\u00f3 duras cr\u00edticas tanto del Gobierno, como de Juntos por el Cambio y los cient\u00edficos.<\/p>\n\n\n\n<p>Durante una entrevista, el ganador de las PASO consider\u00f3 que el desarrollo de la ciencia debe quedar &#8220;en manos del sector privado&#8221;, por lo que el principal organismo del \u00e1rea debe ser eliminado, al igual que la cartera actualmente conducida por Daniel Filmus.<\/p>\n\n\n\n<p>&#8220;Que se ganen la plata sirviendo al pr\u00f3jimo con bienes de mejor calidad y mejor precio. \u00bfQu\u00e9 productividad tienen? \u00bfQu\u00e9 han generado? Ganar\u00e1s el pan con el sudor de tu frente&#8221;, sostuvo el diputado nacional.<\/p>\n","protected":false},"excerpt":{"rendered":"<p>(Corresponsalia Buenos Aires) &#8211; El ex senador y ministro de Educaci\u00f3n durante la presidencia de Mauricio Macri, Esteban Bullrich, critic\u00f3 duramente la posici\u00f3n del libertario Javier Milei sobre el Consejo&hellip; <\/p>\n","protected":false},"author":11,"featured_media":83013,"comment_status":"closed","ping_status":"open","sticky":false,"template":"","format":"standard","meta":{"footnotes":""},"categories":[26,3],"tags":[83,999,375,336],"class_list":["post-83011","post","type-post","status-publish","format-standard","has-post-thumbnail","hentry","category-destacados","category-politica","tag-bullrich","tag-conicet","tag-esteban","tag-milei"],"_links":{"self":[{"href":"https:\/\/corrientesdetarde.com\/index.php\/wp-json\/wp\/v2\/posts\/83011","targetHints":{"allow":["GET"]}}],"collection":[{"href":"https:\/\/corrientesdetarde.com\/index.php\/wp-json\/wp\/v2\/posts"}],"about":[{"href":"https:\/\/corrientesdetarde.com\/index.php\/wp-json\/wp\/v2\/types\/post"}],"author":[{"embeddable":true,"href":"https:\/\/corrientesdetarde.com\/index.php\/wp-json\/wp\/v2\/users\/11"}],"replies":[{"embeddable":true,"href":"https:\/\/corrientesdetarde.com\/index.php\/wp-json\/wp\/v2\/comments?post=83011"}],"version-history":[{"count":1,"href":"https:\/\/corrientesdetarde.com\/index.php\/wp-json\/wp\/v2\/posts\/83011\/revisions"}],"predecessor-version":[{"id":83014,"href":"https:\/\/corrientesdetarde.com\/index.php\/wp-json\/wp\/v2\/posts\/83011\/revisions\/83014"}],"wp:featuredmedia":[{"embeddable":true,"href":"https:\/\/corrientesdetarde.com\/index.php\/wp-json\/wp\/v2\/media\/83013"}],"wp:attachment":[{"href":"https:\/\/corrientesdetarde.com\/index.php\/wp-json\/wp\/v2\/media?parent=83011"}],"wp:term":[{"taxonomy":"category","embeddable":true,"href":"https:\/\/corrientesdetarde.com\/index.php\/wp-json\/wp\/v2\/categories?post=83011"},{"taxonomy":"post_tag","embeddable":true,"href":"https:\/\/corrientesdetarde.com\/index.php\/wp-json\/wp\/v2\/tags?post=83011"}],"curies":[{"name":"wp","href":"https:\/\/api.w.org\/{rel}","templated":true}]}}