{"id":83112,"date":"2023-08-25T22:25:25","date_gmt":"2023-08-26T01:25:25","guid":{"rendered":"https:\/\/corrientesdetarde.com\/?p=83112"},"modified":"2023-08-25T22:25:37","modified_gmt":"2023-08-26T01:25:37","slug":"dos-fiscales-pidieron-que-la-mama-de-lucio-dupuy-sea-condenada-por-abuso-sexual-y-odio-de-genero","status":"publish","type":"post","link":"https:\/\/corrientesdetarde.com\/index.php\/policiales\/dos-fiscales-pidieron-que-la-mama-de-lucio-dupuy-sea-condenada-por-abuso-sexual-y-odio-de-genero\/","title":{"rendered":"Dos fiscales pidieron que la mam\u00e1 de Lucio Dupuy sea condenada por abuso sexual y odio de g\u00e9nero"},"content":{"rendered":"\n<p>Dos fiscales de La Pampa pidieron que\u00a0<strong>la mam\u00e1 de\u00a0Lucio Dupuy<\/strong>, adem\u00e1s del homicidio por la que recibi\u00f3 prisi\u00f3n perpetua, sea condenada tambi\u00e9n por el delito de<strong>\u00a0abuso sexual<\/strong>. Fue durante una audiencia de impugnaci\u00f3n que se llev\u00f3 a cabo este viernes.<\/p>\n\n\n\n<p>En tanto, la querella pidi\u00f3 que a\u00a0<strong>Magdalena Esp\u00f3sito Valenti<\/strong>y a supareja<strong>\u00a0Abiga\u00edl P\u00e1ez<\/strong>\u00a0se les sume la agravante de\u00a0<strong>\u201codio de g\u00e9nero\u201d.<\/strong><\/p>\n\n\n\n<p>La sesi\u00f3n se realiz\u00f3 esta ma\u00f1ana ante el<strong>&nbsp;Tribunal de Impugnaci\u00f3n Penal (TIP)<\/strong>&nbsp;de Santa Rosa, donde estuvieron presentes las representantes del Ministerio P\u00fablico Fiscal, el abogado querellante y las defensoras oficiales de las asesinas de Lucio.<\/p>\n\n\n\n<figure class=\"wp-block-image\"><img decoding=\"async\" src=\"https:\/\/tn.com.ar\/resizer\/jFFWxX2RbEzACWNFKboOJkYuUUg=\/767x0\/smart\/filters:format(webp)\/cloudfront-us-east-1.images.arcpublishing.com\/artear\/FSTVJI7VLNARLOFA63TAZAVTT4.jpg\" alt=\"La audiencia, encabezada por los jueces del TIP Mauricio Piombi y Mar\u00eda Schijvarger, cont\u00f3 con la presencia del padre de Lucio. (Foto: Juli\u00e1n Varela \/T\u00e9lam)\"\/><figcaption>La audiencia, encabezada por los jueces del TIP Mauricio Piombi y Mar\u00eda Schijvarger, cont\u00f3 con la presencia del padre de Lucio. (Foto: Juli\u00e1n Varela \/T\u00e9lam)Por:&nbsp;<strong>JULIAN_VARELA<\/strong><\/figcaption><\/figure>\n\n\n\n<p>En febrero de este a\u00f1o, la madre de la v\u00edctima fue condenada a prisi\u00f3n perpetua por&nbsp;<strong>\u201chomicidio triplemente calificado por el v\u00ednculo, alevos\u00eda y ensa\u00f1amiento\u201d<\/strong>; y P\u00e1ez a la misma pena, pero por \u201chomicidio doblemente calificado por alevos\u00eda y ensa\u00f1amiento\u201d, en concurso real con \u201cabuso sexual con acceso carnal\u201d.<\/p>\n\n\n\n<p>Este fallo de primera instancia fue impugnado por las partes y en la audiencia de este viernes las fiscales<strong>\u00a0Mar\u00eda M\u00f3nica Rivero y Ver\u00f3nica Ferrero solicitaron que Esp\u00f3sito Valenti tambi\u00e9n sea declarada culpable del abuso sexual, al igual que su pareja.<\/strong><\/p>\n\n\n\n<p>La fiscal Rivero consider\u00f3 que el tribunal de juicio valor\u00f3 err\u00f3neamente las pruebas en el contexto en que se produjo el homicidio y dijo que, si en esa instancia se dio por acreditado que Lucio sufri\u00f3 lesiones por los abusos sexuales padecidos en el \u00e1mbito intrafamiliar,&nbsp;<strong>\u201cser\u00eda il\u00f3gico pensar\u201d que la madre desconoc\u00eda esos hechos.<\/strong><\/p>\n\n\n\n<p>A su turno, el querellante particular Jos\u00e9 Mario Aguerrido, quien representa al padre de Lucio, Christian Dupuy; acompa\u00f1\u00f3 ese pedido y tambi\u00e9n solicit\u00f3 que a ambas mujeres<strong>&nbsp;se les sume la agravante de \u201codio de g\u00e9nero\u201d.<\/strong><\/p>\n\n\n\n<figure class=\"wp-block-image\"><img decoding=\"async\" src=\"https:\/\/tn.com.ar\/resizer\/eAvZLeevpI_qdEZOUfIpbd4dhzw=\/767x0\/smart\/filters:format(webp)\/cloudfront-us-east-1.images.arcpublishing.com\/artear\/6ZFZWGUSJBDN5MZ7DKQ3ORBM6U.JPG\" alt=\"La mam\u00e1 de Lucio Dupuy y su pareja son las condenadas por el crimen. (Foto: Facebook\/Magdalena Esp\u00f3sito Valenti)\"\/><figcaption>La mam\u00e1 de Lucio Dupuy y su pareja son las condenadas por el crimen. (Foto: Facebook\/Magdalena Esp\u00f3sito Valenti)<\/figcaption><\/figure>\n\n\n\n<p>Aguerrido dijo que ese odio al g\u00e9nero masculino fue el motivo para matar a Lucio, habl\u00f3 de una&nbsp;<strong>\u201canimadversi\u00f3n patol\u00f3gica\u201d<\/strong>&nbsp;y remarc\u00f3 que \u201csi una hac\u00eda, la otra permit\u00eda\u201d.<\/p>\n\n\n\n<p>En tanto,<strong>&nbsp;la abogada de P\u00e1ez, Blanco G\u00f3mez, pidi\u00f3 que se rechacen los recursos de la fiscal\u00eda y de la querella&nbsp;<\/strong>porque \u201cninguna de esas dos partes expres\u00f3 cu\u00e1l es el perjuicio que les caus\u00f3 el fallo\u201d.<\/p>\n","protected":false},"excerpt":{"rendered":"<p>Dos fiscales de La Pampa pidieron que\u00a0la mam\u00e1 de\u00a0Lucio Dupuy, adem\u00e1s del homicidio por la que recibi\u00f3 prisi\u00f3n perpetua, sea condenada tambi\u00e9n por el delito de\u00a0abuso sexual. Fue durante una&hellip; <\/p>\n","protected":false},"author":12,"featured_media":83114,"comment_status":"closed","ping_status":"open","sticky":false,"template":"","format":"standard","meta":{"footnotes":""},"categories":[33],"tags":[],"class_list":["post-83112","post","type-post","status-publish","format-standard","has-post-thumbnail","hentry","category-policiales"],"_links":{"self":[{"href":"https:\/\/corrientesdetarde.com\/index.php\/wp-json\/wp\/v2\/posts\/83112","targetHints":{"allow":["GET"]}}],"collection":[{"href":"https:\/\/corrientesdetarde.com\/index.php\/wp-json\/wp\/v2\/posts"}],"about":[{"href":"https:\/\/corrientesdetarde.com\/index.php\/wp-json\/wp\/v2\/types\/post"}],"author":[{"embeddable":true,"href":"https:\/\/corrientesdetarde.com\/index.php\/wp-json\/wp\/v2\/users\/12"}],"replies":[{"embeddable":true,"href":"https:\/\/corrientesdetarde.com\/index.php\/wp-json\/wp\/v2\/comments?post=83112"}],"version-history":[{"count":1,"href":"https:\/\/corrientesdetarde.com\/index.php\/wp-json\/wp\/v2\/posts\/83112\/revisions"}],"predecessor-version":[{"id":83116,"href":"https:\/\/corrientesdetarde.com\/index.php\/wp-json\/wp\/v2\/posts\/83112\/revisions\/83116"}],"wp:featuredmedia":[{"embeddable":true,"href":"https:\/\/corrientesdetarde.com\/index.php\/wp-json\/wp\/v2\/media\/83114"}],"wp:attachment":[{"href":"https:\/\/corrientesdetarde.com\/index.php\/wp-json\/wp\/v2\/media?parent=83112"}],"wp:term":[{"taxonomy":"category","embeddable":true,"href":"https:\/\/corrientesdetarde.com\/index.php\/wp-json\/wp\/v2\/categories?post=83112"},{"taxonomy":"post_tag","embeddable":true,"href":"https:\/\/corrientesdetarde.com\/index.php\/wp-json\/wp\/v2\/tags?post=83112"}],"curies":[{"name":"wp","href":"https:\/\/api.w.org\/{rel}","templated":true}]}}