{"id":8316,"date":"2022-10-03T23:49:44","date_gmt":"2022-10-04T02:49:44","guid":{"rendered":"https:\/\/corrientesdetarde.com\/?p=8316"},"modified":"2022-10-03T23:49:47","modified_gmt":"2022-10-04T02:49:47","slug":"facundo-manes-acuso-al-macrismo-de-espionaje","status":"publish","type":"post","link":"https:\/\/corrientesdetarde.com\/index.php\/informacion-general\/facundo-manes-acuso-al-macrismo-de-espionaje\/","title":{"rendered":"Facundo Manes acus\u00f3 al macrismo de espionaje"},"content":{"rendered":"\n<p>En una nueva escalada de la interna entre la UCR y el PRO, el diputado radical, Facundo Manes, acus\u00f3 este domingo al ex presidente Mauricio Macri de haber ordenado tareas de espionaje contra dirigentes de su propio partido durante su presidencia.<\/p>\n\n\n\n<p>Consultado en La Cornisa (LN+) por las cr\u00edticas de Macri a sus aliados de la UCR, a quienes tilda de neopopulistas, el legislador sostuvo que el ex presidente &#8220;tiene que reflexionar&#8221; porque durante su gesti\u00f3n hubo &#8220;populismo institucional&#8221;.<\/p>\n\n\n\n<p>&#8220;Hubo operadores que manejaban la Justicia, datos y evidencia de que se espi\u00f3 a gente incluso de su Gobierno&#8221;, afirm\u00f3 el neurocirujano. Y a\u00f1adi\u00f3: &#8220;Eso es populismo institucional, y lleva al fracaso de las naciones. Hay tambi\u00e9n populismo econ\u00f3mico, eso lo representa el kirchnerismo. Los dos son igual de graves&#8221;.<\/p>\n\n\n\n<p>&#8220;Esto es lo que piensa la UCR o el diputado Manes habla a t\u00edtulo personal? Tiene algo que decir Gerardo Morales, presidente del partido?&#8221;, se pregunt\u00f3 el diputado del PRO Fernando Iglesias. &#8220;No hay nada que agregar. Lo de Manes es inaceptable. El \u00fanico objetivo posible de una declaraci\u00f3n como esta es romper la oposici\u00f3n&#8221;, a\u00f1adi\u00f3 quien se ubica entre los &#8216;halcones&#8217; del espacio opositor.<\/p>\n\n\n\n<p>Para el neurocirujano, los liderazgos del ex presidente y de la vicepresidenta, Cristina Fern\u00e1ndez de Kirchner, plantean una &#8220;antinomia&#8221; que &#8220;no nos permiten pensar en un pa\u00eds&#8221;.<\/p>\n\n\n\n<p>En ese sentido, dijo que el radicalismo incorpor\u00f3 a nuevas figuras -mencion\u00f3 a Rodrigo de Loredo y Carolina Losada-, que se mezclaron con dirigentes &#8220;que gobiernan provincias exitosas para convocar a los j\u00f3venes y apostar al futuro&#8221;.<\/p>\n\n\n\n<p>&#8220;Lo que estamos haciendo es llamar a una nueva mayor\u00eda silenciosa, que represente a la Argentina que no quiere los extremos&#8221;, dijo.<\/p>\n\n\n\n<p>Sobre el final del reportaje, Manes traz\u00f3 un paralelismo entre el Frente de Todos y lo que fue Cambiemos en 2015. &#8220;(Cambiemos) fue algo necesario para derrotar al kirchnerismo, pero no ten\u00eda un proyecto de pa\u00eds y as\u00ed terminaron. \u00bfQu\u00e9 fue el Frente de Todos en 2019? Una alianza electoral para ganarle a Cambiemos, que deriv\u00f3 en un Gobierno desastroso&#8221;, analiz\u00f3.<\/p>\n\n\n\n<p>&#8220;Es por eso -se\u00f1al\u00f3- que necesitamos discutir ideas y aliarnos para crear un proyecto de pa\u00eds y no para llegar al poder simplemente&#8221;.<\/p>\n","protected":false},"excerpt":{"rendered":"<p>En una nueva escalada de la interna entre la UCR y el PRO, el diputado radical, Facundo Manes, acus\u00f3 este domingo al ex presidente Mauricio Macri de haber ordenado tareas&hellip; <\/p>\n","protected":false},"author":1,"featured_media":8323,"comment_status":"closed","ping_status":"open","sticky":false,"template":"","format":"standard","meta":{"footnotes":""},"categories":[1],"tags":[],"class_list":["post-8316","post","type-post","status-publish","format-standard","has-post-thumbnail","hentry","category-informacion-general"],"_links":{"self":[{"href":"https:\/\/corrientesdetarde.com\/index.php\/wp-json\/wp\/v2\/posts\/8316","targetHints":{"allow":["GET"]}}],"collection":[{"href":"https:\/\/corrientesdetarde.com\/index.php\/wp-json\/wp\/v2\/posts"}],"about":[{"href":"https:\/\/corrientesdetarde.com\/index.php\/wp-json\/wp\/v2\/types\/post"}],"author":[{"embeddable":true,"href":"https:\/\/corrientesdetarde.com\/index.php\/wp-json\/wp\/v2\/users\/1"}],"replies":[{"embeddable":true,"href":"https:\/\/corrientesdetarde.com\/index.php\/wp-json\/wp\/v2\/comments?post=8316"}],"version-history":[{"count":1,"href":"https:\/\/corrientesdetarde.com\/index.php\/wp-json\/wp\/v2\/posts\/8316\/revisions"}],"predecessor-version":[{"id":8325,"href":"https:\/\/corrientesdetarde.com\/index.php\/wp-json\/wp\/v2\/posts\/8316\/revisions\/8325"}],"wp:featuredmedia":[{"embeddable":true,"href":"https:\/\/corrientesdetarde.com\/index.php\/wp-json\/wp\/v2\/media\/8323"}],"wp:attachment":[{"href":"https:\/\/corrientesdetarde.com\/index.php\/wp-json\/wp\/v2\/media?parent=8316"}],"wp:term":[{"taxonomy":"category","embeddable":true,"href":"https:\/\/corrientesdetarde.com\/index.php\/wp-json\/wp\/v2\/categories?post=8316"},{"taxonomy":"post_tag","embeddable":true,"href":"https:\/\/corrientesdetarde.com\/index.php\/wp-json\/wp\/v2\/tags?post=8316"}],"curies":[{"name":"wp","href":"https:\/\/api.w.org\/{rel}","templated":true}]}}