{"id":83182,"date":"2023-08-26T10:04:47","date_gmt":"2023-08-26T13:04:47","guid":{"rendered":"https:\/\/corrientesdetarde.com\/?p=83182"},"modified":"2023-08-26T11:17:41","modified_gmt":"2023-08-26T14:17:41","slug":"tassano-con-valdes-en-inauguracion-de-pavimentojuntos-seguiremos-transformando-la-ciudadestamos-dando-un-paso-mas-junto-al-gobernador-para-cambiarle-la-vida-a-los-vecinos","status":"publish","type":"post","link":"https:\/\/corrientesdetarde.com\/index.php\/locales\/tassano-con-valdes-en-inauguracion-de-pavimentojuntos-seguiremos-transformando-la-ciudadestamos-dando-un-paso-mas-junto-al-gobernador-para-cambiarle-la-vida-a-los-vecinos\/","title":{"rendered":"Tassano con Vald\u00e9s, en inauguraci\u00f3n de pavimento: \u201cJuntos seguiremos transformando la ciudad\u201d"},"content":{"rendered":"\n<p>\u201cEstamos dando un paso m\u00e1s junto al gobernador para cambiarle la vida a los vecinos\u201d, remarc\u00f3 el intendente tras el acto en que se habilitaron 45 cuadras pavimentadas. Con estos trabajos en los barrios General Madariaga y Pueblo Buenos Aires se logr\u00f3 mejorar notoriamente la infraestructura vial de la zona, erradicando completamente 35 cuadras de calles de tierra y recuperando la transitabilidad en 10 nuevas cuadras.<\/p>\n\n\n\n<p>El intendente Eduardo Tassano particip\u00f3 del acto de inauguraci\u00f3n de la ejecuci\u00f3n de 35 cuadras de pavimento nuevo y 10 cuadras de repavimentaci\u00f3n de concreto asf\u00e1ltico en los barrios General Madariaga y Pueblo Buenos Aires, que fue encabezado este viernes por el gobernador Gustavo Vald\u00e9s.<br>Esta obra brindar\u00e1 mayor circulaci\u00f3n vehicular, como as\u00ed tambi\u00e9n el escurrimiento superficial de las aguas pluviales de las arterias renovadas conllevo un presupuesto millonario y fue ejecutada por el Gobierno de provincial en coordinaci\u00f3n con el Municipio. Gracias a esta obra la zona contar\u00e1 con mejoras en el 90% de la infraestructura vial de los barrios.<br>Adem\u00e1s de Tassano, por la Municipalidad de la ciudad de Corrientes acompa\u00f1aron el acto funcionarios municipales y concejales, encabezados por el presidente del Concejo Deliberante, Alfredo Vallejos.<br>Por la Provincia, participaron el vicegobernador, Pedro Braillard Poccard; el ministro de Obras P\u00fablicas, Claudio Polich; dem\u00e1s integrantes del Gabinete y legisladores provinciales, entre otros.<br><br>ARTICULACI\u00d3N DEL ESTADO<br>Durante su discurso en el acto inaugural, el gobernador Vald\u00e9s destac\u00f3 la \u201csatisfacci\u00f3n de estar todos juntos la Provincia y el Municipio para dar respuesta a los vecinos\u201d. A su vez, hizo hincapi\u00e9 en la solvencia econ\u00f3mica del Estado que permite que \u201ccontemos con los n\u00fameros equilibrados para poder invertir en estas obras\u201d, dijo y agreg\u00f3: \u201cNo estamos ayudando solo en la Capital sino en los diferentes municipios para aportar m\u00e1s obras p\u00fablicas para mejorar la calidad de vida de los vecinos\u201d.<br><br>TRANSFORMANDO LA CIUDAD<br>Por su parte, el intendente remarc\u00f3 la articulaci\u00f3n del trabajo Provincia-Municipio: \u201cEstamos dando un paso m\u00e1s junto al Gobernador para cambiarle la vida a los vecinos\u201d.<br>En ese sentido, dio cuenta de las obras aportadas por parte del Municipio y resalt\u00f3 que \u201csumamos la iluminaci\u00f3n led, la finalizaci\u00f3n de ripio, y contribuimos en la obra h\u00eddrica que va de la calle Caracas a las inmediaciones de la calle Morse\u201d. Con esta \u00faltima obra mencionada se avanz\u00f3 en unos 800 metros de entubamiento enmarcada en lo que hace al programa del Plan H\u00eddrico con el objetivo de permitir el correcto escurrimiento del agua ante precipitaciones de gran magnitud.<br>Cada una de las intervenciones realizadas en la zona tienen como finalidad brindar una mejor calidad de vida a los habitantes de la ciudad. \u201cPonemos dedicaci\u00f3n y concentraci\u00f3n al trabajo para darle mejoras a los vecinos mediante hechos y no palabras\u201d, indic\u00f3 Tassano.<br>En la oportunidad, se comprometi\u00f3 a continuar trabajando en las cuadras que a\u00fan no fueron intervenidas para que \u201cjuntos al Gobierno provincial sigamos transformando la ciudad\u201d, concluy\u00f3.<br><br>PALABRAS DE UNA VECINA<br>Estela Lencina, vecina del barrio Pueblito Buenos Aires mostr\u00f3 su satisfacci\u00f3n por las obras ejecutadas en la zona diciendo: \u201cDespu\u00e9s de 54 a\u00f1os contamos con obras tan anheladas\u201d, afirm\u00f3 emocionada.<br>\u201cSabemos el esfuerzo del Gobierno y el Municipio y damos gracias por ello\u201d, sostuvo y remarc\u00f3 el impulso de los vecinos del barrio que llevaron adelante los pedidos correspondientes para la concreci\u00f3n de mejoras para contribuir en una mejor calidad de vida de todos.<br><br>DETALLES DE LA OBRA<br>La obra comprendi\u00f3 la ejecuci\u00f3n de 35 cuadras de pavimento nuevo con una longitud de 3.298,08 metros lineales en m\u00e1s de 10 calles de la zona donde en una primera etapa, se hab\u00eda ejecutado obras de cord\u00f3n cuneta, enripiado de calles.<br>Tambi\u00e9n se realizaron 10 cuadras de repavimentaci\u00f3n de concreto asf\u00e1ltico pasando por cuatro calles de los barrios General Madariaga y Pueblo Buenos Aires.<\/p>\n","protected":false},"excerpt":{"rendered":"<p>\u201cEstamos dando un paso m\u00e1s junto al gobernador para cambiarle la vida a los vecinos\u201d, remarc\u00f3 el intendente tras el acto en que se habilitaron 45 cuadras pavimentadas. Con estos&hellip; <\/p>\n","protected":false},"author":3,"featured_media":83183,"comment_status":"closed","ping_status":"open","sticky":false,"template":"","format":"standard","meta":{"footnotes":""},"categories":[8],"tags":[],"class_list":["post-83182","post","type-post","status-publish","format-standard","has-post-thumbnail","hentry","category-locales"],"_links":{"self":[{"href":"https:\/\/corrientesdetarde.com\/index.php\/wp-json\/wp\/v2\/posts\/83182","targetHints":{"allow":["GET"]}}],"collection":[{"href":"https:\/\/corrientesdetarde.com\/index.php\/wp-json\/wp\/v2\/posts"}],"about":[{"href":"https:\/\/corrientesdetarde.com\/index.php\/wp-json\/wp\/v2\/types\/post"}],"author":[{"embeddable":true,"href":"https:\/\/corrientesdetarde.com\/index.php\/wp-json\/wp\/v2\/users\/3"}],"replies":[{"embeddable":true,"href":"https:\/\/corrientesdetarde.com\/index.php\/wp-json\/wp\/v2\/comments?post=83182"}],"version-history":[{"count":2,"href":"https:\/\/corrientesdetarde.com\/index.php\/wp-json\/wp\/v2\/posts\/83182\/revisions"}],"predecessor-version":[{"id":83220,"href":"https:\/\/corrientesdetarde.com\/index.php\/wp-json\/wp\/v2\/posts\/83182\/revisions\/83220"}],"wp:featuredmedia":[{"embeddable":true,"href":"https:\/\/corrientesdetarde.com\/index.php\/wp-json\/wp\/v2\/media\/83183"}],"wp:attachment":[{"href":"https:\/\/corrientesdetarde.com\/index.php\/wp-json\/wp\/v2\/media?parent=83182"}],"wp:term":[{"taxonomy":"category","embeddable":true,"href":"https:\/\/corrientesdetarde.com\/index.php\/wp-json\/wp\/v2\/categories?post=83182"},{"taxonomy":"post_tag","embeddable":true,"href":"https:\/\/corrientesdetarde.com\/index.php\/wp-json\/wp\/v2\/tags?post=83182"}],"curies":[{"name":"wp","href":"https:\/\/api.w.org\/{rel}","templated":true}]}}