{"id":8333,"date":"2022-10-04T07:10:28","date_gmt":"2022-10-04T10:10:28","guid":{"rendered":"https:\/\/corrientesdetarde.com\/?p=8333"},"modified":"2022-10-04T07:10:29","modified_gmt":"2022-10-04T10:10:29","slug":"el-papa-francisco-dijo-que-hay-mucho-por-hacer-en-argentina-y-senalo-que-nada-importante-ni-estable-se-lograra-con-la-polarizacion-agresiva","status":"publish","type":"post","link":"https:\/\/corrientesdetarde.com\/index.php\/internacionales\/el-papa-francisco-dijo-que-hay-mucho-por-hacer-en-argentina-y-senalo-que-nada-importante-ni-estable-se-lograra-con-la-polarizacion-agresiva\/","title":{"rendered":"<strong>El Papa Francisco dijo que \u201chay mucho por hacer en Argentina\u201d y se\u00f1al\u00f3 que \u201cnada importante ni estable se lograr\u00e1 con la polarizaci\u00f3n agresiva\u201d<\/strong>"},"content":{"rendered":"\n<p>A trav\u00e9s de una carta, el Sumo Pont\u00edfice agradeci\u00f3 por el acto que se llev\u00f3 a cabo en la Catedral de La Plata y que cont\u00f3 con la presencia de dirigentes oficialistas y opositores<\/p>\n\n\n\n<p>A trav\u00e9s de una carta enviada al arzobispo de la ciudad de La Plata,&nbsp;<strong>monse\u00f1or V\u00edctor Manuel Fern\u00e1ndez<\/strong>, el&nbsp;<strong>Papa Francisco<\/strong>&nbsp;agradeci\u00f3 por&nbsp;el acto que se llev\u00f3 a cabo en la Catedral&nbsp;de la capital bonaerense, que cont\u00f3 con la presencia de dirigentes oficialistas y opositores, a quienes les envi\u00f3 un mensaje de unidad. El Sumo Pont\u00edfice dijo que \u201chay mucho por hacer en Argentina\u201d y remarc\u00f3 que&nbsp;<strong>\u201cnada importante ni estable se lograr\u00e1 con la polarizaci\u00f3n agresiva\u201d.<\/strong><\/p>\n\n\n\n<p>La misiva est\u00e1 fechada el 1 de octubre, dos d\u00edas despu\u00e9s del homenaje que realiz\u00f3 monse\u00f1or Fern\u00e1ndez al Papa Francisco, e&nbsp;<strong>Infobae<\/strong>&nbsp;tuvo acceso a la misma este lunes. All\u00ed, el Santo Padre devolvi\u00f3 el gesto definiendo al evento del pasado jueves como \u201cun acto de afecto y reconocimiento que expresa los lazos que nos unen\u201d. Y mostr\u00f3 su alegr\u00eda porque en el acto \u201cse reflexionara acerca de algunos contenidos de&nbsp;<em>Laudato si\u2019&nbsp;<\/em>y de&nbsp;<em>Fratelli tutti,&nbsp;<\/em>no porque sean documentos m\u00edos, sino porque hablan de cuestiones graves y determinantes que hoy no podemos ignorar para la buena marcha de las naciones\u201d.<\/p>\n\n\n\n<p>El evento cont\u00f3 con la presencia del gobernador Axel Kicillof, funcionarios del Poder Ejecutivo bonaerense y de la municipalidad de La Plata, dirigentes, legisladores, concejales tanto del Frente de Todos como de Juntos por el Cambio, y miembros de organizaciones sociales. En primera fila se los vio acompa\u00f1ando al mandatario provincial, miembros de su Gabinete como: el Jefe de Asesores de<strong>&nbsp;Carlos Bianco<\/strong>; la ministra de Gobierno&nbsp;<strong>Cristina \u00c1lvarez Rodr\u00edguez<\/strong>; de Justicia,<strong>&nbsp;Julio Alak<\/strong>;la titular delInstituto Cultural,&nbsp;<strong>Florencia Saintout<\/strong>; la ministra de Ambiente,&nbsp;<strong>Daniela Vilar<\/strong>; de Mujeres,&nbsp;<strong>Estela D\u00edaz<\/strong>; de Trabajo&nbsp;<strong>Walter Correa.<\/strong><\/p>\n\n\n\n<p>\u201cMe lleg\u00f3 la informaci\u00f3n de que estuvieron representados sectores de todos los colores de la pol\u00edtica, otras confesiones religiosas, personas de la educaci\u00f3n, de la cultura, de la empresa, de la justicia, etc. Y junto con ellos, estaban presentes los trabajadores m\u00e1s humildes y los pobres que caminaron como movimientos sociales, sostenidos por su fe y llevando a La Virgen y a San Cayetano.&nbsp;<strong>Han formado juntos un hermoso cuadro\u201d<\/strong>, manifest\u00f3 al respecto Francisco.<\/p>\n\n\n\n<p>\u201cMe consuela el alma que mi persona haya hecho posible ese momento de comuni\u00f3n, de encuentro m\u00e1s all\u00e1 de las diferencias, porque a veces estas peque\u00f1as \u2018treguas\u2019 impiden que sigan avanzando la violencia y los enfrentamientos. Eso nunca hace bien a un pa\u00eds y termina lastimando sobre todo a los que m\u00e1s sufren\u201d, agreg\u00f3.<\/p>\n\n\n\n<p>En ese sentido, se\u00f1al\u00f3 que&nbsp;<strong>\u201chay mucho por hacer en Argentina, para que todos puedan vivir de la dignidad del trabajo y para que no haya ciudadanos de segunda\u201d.<\/strong>&nbsp;Pero advirti\u00f3 que&nbsp;<strong>\u201cnada importante ni estable se lograr\u00e1 con la polarizaci\u00f3n agresiva\u201d<\/strong>.<\/p>\n\n\n\n<p>En su carta, el Papa hizo referencia a la postergada visita a la Argentina: \u201cAhora tengo una deuda con todo el mundo y&nbsp;<strong>me falta visitar muchos pa\u00edses grandes, especialmente algunos que nunca recibieron la visita de un Papa, sin embargo siempre llevo a mi Argentina en el coraz\u00f3n\u201d<\/strong>.<\/p>\n\n\n\n<p>\u201cLes hago llegar mi afectuosa bendici\u00f3n y pido al Se\u00f1or que los haga art\u00edfices de paz, de justicia y de prosperidad\u201d, concluy\u00f3 Francisco.<\/p>\n\n\n\n<p>Durante el acto en la Catedral de La Plata, el arzobispo manifest\u00f3 en conferencia de prensa que Francisco estaba \u201cmuy preocupado\u201d por el clima de violencia en el pa\u00eds, agravado por el atentado que sufri\u00f3 la vicepresidenta Cristina Kirchner.<\/p>\n\n\n\n<p>\u201cNo tenemos conciencia, no nos estamos dando cuenta de la enorme gravedad que tiene. Si pudo llegar a pasar esto, pueden llegar a pasar muchas cosas m\u00e1s. Si ya se salt\u00f3 ese l\u00edmite, prepar\u00e9monos porque lo que se viene puede ser muy jodido, \u00bfno?\u201d, consider\u00f3 Fern\u00e1ndez sobre el intento de magnicidio.<\/p>\n\n\n\n<p>En este marco, destac\u00f3 la presencia de dirigentes del oficialismo y de la oposici\u00f3n: \u201cEs un signo de que se puede hacer juntos, incluso cosas m\u00e1s importante que este acto que son los problemas de la gente y no se arreglan con un solo color. Es ponerse todos en una mesa y darle todos para adelante\u201d.<\/p>\n","protected":false},"excerpt":{"rendered":"<p>A trav\u00e9s de una carta, el Sumo Pont\u00edfice agradeci\u00f3 por el acto que se llev\u00f3 a cabo en la Catedral de La Plata y que cont\u00f3 con la presencia de&hellip; <\/p>\n","protected":false},"author":7,"featured_media":8334,"comment_status":"closed","ping_status":"open","sticky":false,"template":"","format":"standard","meta":{"footnotes":""},"categories":[11],"tags":[],"class_list":["post-8333","post","type-post","status-publish","format-standard","has-post-thumbnail","hentry","category-internacionales"],"_links":{"self":[{"href":"https:\/\/corrientesdetarde.com\/index.php\/wp-json\/wp\/v2\/posts\/8333","targetHints":{"allow":["GET"]}}],"collection":[{"href":"https:\/\/corrientesdetarde.com\/index.php\/wp-json\/wp\/v2\/posts"}],"about":[{"href":"https:\/\/corrientesdetarde.com\/index.php\/wp-json\/wp\/v2\/types\/post"}],"author":[{"embeddable":true,"href":"https:\/\/corrientesdetarde.com\/index.php\/wp-json\/wp\/v2\/users\/7"}],"replies":[{"embeddable":true,"href":"https:\/\/corrientesdetarde.com\/index.php\/wp-json\/wp\/v2\/comments?post=8333"}],"version-history":[{"count":1,"href":"https:\/\/corrientesdetarde.com\/index.php\/wp-json\/wp\/v2\/posts\/8333\/revisions"}],"predecessor-version":[{"id":8335,"href":"https:\/\/corrientesdetarde.com\/index.php\/wp-json\/wp\/v2\/posts\/8333\/revisions\/8335"}],"wp:featuredmedia":[{"embeddable":true,"href":"https:\/\/corrientesdetarde.com\/index.php\/wp-json\/wp\/v2\/media\/8334"}],"wp:attachment":[{"href":"https:\/\/corrientesdetarde.com\/index.php\/wp-json\/wp\/v2\/media?parent=8333"}],"wp:term":[{"taxonomy":"category","embeddable":true,"href":"https:\/\/corrientesdetarde.com\/index.php\/wp-json\/wp\/v2\/categories?post=8333"},{"taxonomy":"post_tag","embeddable":true,"href":"https:\/\/corrientesdetarde.com\/index.php\/wp-json\/wp\/v2\/tags?post=8333"}],"curies":[{"name":"wp","href":"https:\/\/api.w.org\/{rel}","templated":true}]}}