{"id":83422,"date":"2023-08-27T19:19:49","date_gmt":"2023-08-27T22:19:49","guid":{"rendered":"https:\/\/corrientesdetarde.com\/?p=83422"},"modified":"2023-08-27T19:19:54","modified_gmt":"2023-08-27T22:19:54","slug":"un-turista-brasileno-cayo-desde-la-terraza-de-una-reconocida-bodega-de-mendoza-y-se-encuentra-en-grave-estado","status":"publish","type":"post","link":"https:\/\/corrientesdetarde.com\/index.php\/policiales\/un-turista-brasileno-cayo-desde-la-terraza-de-una-reconocida-bodega-de-mendoza-y-se-encuentra-en-grave-estado\/","title":{"rendered":"Un turista brasile\u00f1o cay\u00f3 desde la terraza de una reconocida bodega de Mendoza y se encuentra en grave estado."},"content":{"rendered":"\n<h2 class=\"wp-block-heading\">El hombre de 43 a\u00f1os realizaba una degustaci\u00f3n de vinos. Hasta el momento no fueron esclarecidos los motivos de la ca\u00edda, por lo que la Justicia se encuentra en plena investigaci\u00f3n.<\/h2>\n\n\n\n<p>Un\u00a0<strong>turista brasile\u00f1o de 43 a\u00f1os se\u00a0cay\u00f3\u00a0desde la terraza de una bodega<\/strong>\u00a0mientras realizaba una degustaci\u00f3n de vinos y se encuentra<strong>\u00a0internado en\u00a0grave estado<\/strong>.\u00a0Por el momento, la Justicia investiga los motivos que desencadenaron la ca\u00edda.<\/p>\n\n\n\n<p>El accidente ocurri\u00f3 este s\u00e1bado en la bodega de Catena Zapata, ubicada en Luj\u00e1n de Cuyo,\u00a0<strong>Mendoza<\/strong>.\u00a0<strong>Antonio \u00c1lvarez,<\/strong>\u00a0como fue identificado el hombre, result\u00f3\u00a0<strong>gravemente herido<\/strong>\u00a0tras caer de una altura aproximada de<strong>\u00a05 metros.<\/strong><\/p>\n\n\n\n<p>Hasta el momento no fueron esclarecidos los motivos de la ca\u00edda, por lo que la Justicia se encuentra en plena investigaci\u00f3n. \u00c1lvarez<strong>&nbsp;impact\u00f3 con fuerza en el suelo y sufri\u00f3 lesiones importantes,<\/strong>&nbsp;seg\u00fan informaron desde el Ministerio de Seguridad provincial a la prensa local.<\/p>\n\n\n\n<p>Tras el accidente, las personas que se encontraban en el lugar dieron aviso a los servicios de emergencia que llegaron r\u00e1pidamente. Inmovilizaron al hombre y lo trasladaron de urgencia al Hospital Central para que sea atendido por especialistas.<\/p>\n\n\n\n<figure class=\"wp-block-image\"><img decoding=\"async\" src=\"https:\/\/tn.com.ar\/resizer\/fRj2NgPUYplF0OLUXenD9Vnd_fs=\/767x0\/smart\/filters:format(webp)\/cloudfront-us-east-1.images.arcpublishing.com\/artear\/OBYMIZRUCVFLRP457JHQX6HFXI.JPG\" alt=\"El turista fue trasladado de urgencia al Hospital Central. (Foto: diario El Sol)\"\/><figcaption>El turista fue trasladado de urgencia al Hospital Central. (Foto: diario El Sol)<\/figcaption><\/figure>\n\n\n\n<p>El caso es investigado bajo la car\u00e1tula de<strong>&nbsp;\u201clesiones graves por accidente\u201d,&nbsp;<\/strong>seg\u00fan inform\u00f3&nbsp;<em>Clar\u00edn<\/em>. De acuerdo al parte oficial,<strong>&nbsp;ingres\u00f3 con un golpe en la cabeza por ca\u00edda de altura con formaci\u00f3n de co\u00e1gulo de sangre y fractura de costillas.<\/strong><\/p>\n\n\n\n<p>La gravedad de sus heridas provoc\u00f3 que sea internado en terapia intensiva y se espera un nuevo parte m\u00e9dico este domingo para conocer su estado de salud y si ser\u00e1 operado a causa de las m\u00faltiples fracturas.<\/p>\n\n\n\n<p>El\u00a0<strong>auge de los\u00a0turistas\u00a0brasile\u00f1os en Mendoza\u00a0<\/strong>creci\u00f3 a causa de la\u00a0devaluaci\u00f3n del peso,\u00a0lo que genera mayor beneficio para los extranjeros que deciden conocer el pa\u00eds.<\/p>\n\n\n\n<p>Un art\u00edculo reciente del diario\u00a0<em>O\u00b4Globo<\/em>\u00a0da cuenta de que Buenos Aires y Mendoza son los principales destinos tur\u00edsticos elegidos por los brasile\u00f1os que viajan a la Argentina. La provincia del vino desplaz\u00f3 a Bariloche, que ocupaba la preferencia de los turistas paulistas y cariocas de alto poder adquisitivo.<\/p>\n\n\n\n<p><\/p>\n\n\n\n<p><em>Fuente: Todo Noticias.<\/em><\/p>\n\n\n\n<p><\/p>\n","protected":false},"excerpt":{"rendered":"<p>El hombre de 43 a\u00f1os realizaba una degustaci\u00f3n de vinos. Hasta el momento no fueron esclarecidos los motivos de la ca\u00edda, por lo que la Justicia se encuentra en plena&hellip; <\/p>\n","protected":false},"author":6,"featured_media":83429,"comment_status":"closed","ping_status":"open","sticky":false,"template":"","format":"standard","meta":{"footnotes":""},"categories":[33],"tags":[],"class_list":["post-83422","post","type-post","status-publish","format-standard","has-post-thumbnail","hentry","category-policiales"],"_links":{"self":[{"href":"https:\/\/corrientesdetarde.com\/index.php\/wp-json\/wp\/v2\/posts\/83422","targetHints":{"allow":["GET"]}}],"collection":[{"href":"https:\/\/corrientesdetarde.com\/index.php\/wp-json\/wp\/v2\/posts"}],"about":[{"href":"https:\/\/corrientesdetarde.com\/index.php\/wp-json\/wp\/v2\/types\/post"}],"author":[{"embeddable":true,"href":"https:\/\/corrientesdetarde.com\/index.php\/wp-json\/wp\/v2\/users\/6"}],"replies":[{"embeddable":true,"href":"https:\/\/corrientesdetarde.com\/index.php\/wp-json\/wp\/v2\/comments?post=83422"}],"version-history":[{"count":1,"href":"https:\/\/corrientesdetarde.com\/index.php\/wp-json\/wp\/v2\/posts\/83422\/revisions"}],"predecessor-version":[{"id":83430,"href":"https:\/\/corrientesdetarde.com\/index.php\/wp-json\/wp\/v2\/posts\/83422\/revisions\/83430"}],"wp:featuredmedia":[{"embeddable":true,"href":"https:\/\/corrientesdetarde.com\/index.php\/wp-json\/wp\/v2\/media\/83429"}],"wp:attachment":[{"href":"https:\/\/corrientesdetarde.com\/index.php\/wp-json\/wp\/v2\/media?parent=83422"}],"wp:term":[{"taxonomy":"category","embeddable":true,"href":"https:\/\/corrientesdetarde.com\/index.php\/wp-json\/wp\/v2\/categories?post=83422"},{"taxonomy":"post_tag","embeddable":true,"href":"https:\/\/corrientesdetarde.com\/index.php\/wp-json\/wp\/v2\/tags?post=83422"}],"curies":[{"name":"wp","href":"https:\/\/api.w.org\/{rel}","templated":true}]}}