{"id":83423,"date":"2023-08-27T19:07:08","date_gmt":"2023-08-27T22:07:08","guid":{"rendered":"https:\/\/corrientesdetarde.com\/?p=83423"},"modified":"2023-08-27T19:07:14","modified_gmt":"2023-08-27T22:07:14","slug":"nuevo-plan-para-prefinanciar-exportaciones-por-us770-millones","status":"publish","type":"post","link":"https:\/\/corrientesdetarde.com\/index.php\/economia\/nuevo-plan-para-prefinanciar-exportaciones-por-us770-millones\/","title":{"rendered":"Nuevo plan para prefinanciar exportaciones por u$s770 millones."},"content":{"rendered":"\n<h2 class=\"wp-block-heading\">El ministro y candidato de Uni\u00f3n por la Patria dio a conocer la puesta en marcha de un programa de fomento del comercio exterior.<\/h2>\n\n\n\n<p>El ministro de Econom\u00eda,&nbsp;Sergio Massa, anunci\u00f3 este domingo un programa de&nbsp;prefinanciaci\u00f3n de las exportaciones por u$s770 millones&nbsp;con el fin de incrementar las reservas del Banco Central. La decisi\u00f3n se enmarca dentro de una&nbsp;bater\u00eda de medidas&nbsp;que el Gobierno difundi\u00f3 en las \u00faltimas horas.<\/p>\n\n\n\n<p>A trav\u00e9s de redes sociales, el candidato de Uni\u00f3n por la Patria dio a conocer la instrumentaci\u00f3n de un nuevo plan de fomento del comercio exterior. El financiamiento lo aportar\u00e1 el Banco Naci\u00f3n y el Banco de Inversi\u00f3n y Comercio Exterior (BICE).<\/p>\n\n\n\n<figure class=\"wp-block-image\"><a href=\"https:\/\/www.radiosudamericana.com\/notix\/multimedia\/imagenes\/fotos\/2023-08-27\/824019.jpg\"><img decoding=\"async\" src=\"https:\/\/www.radiosudamericana.com\/notix\/multimedia\/imagenes\/fotos\/2023-08-27\/824019.jpg_nota.jpg\" alt=\"\"\/><\/a><\/figure>\n\n\n\n<p>Seg\u00fan adelant\u00f3 el ministro, la entidad que comanda&nbsp;Silvina Batakis&nbsp;aportar\u00e1&nbsp;u$s550 millones, el mayor volumen de divisas para la conformaci\u00f3n del programa. En tanto que el banco que conduce&nbsp;Mariano de Miguel&nbsp;har\u00e1 lo propio con&nbsp;u$s220 millones.<\/p>\n\n\n\n<p>Massa subray\u00f3 que &#8220;el objetivo es que las empresas que venden trabajo argentino al mundo tengan todas las herramientas para seguir aumentando el volumen de exportaci\u00f3n y acumular reservas&#8221;.<\/p>\n\n\n\n<p>Al mismo tiempo, se\u00f1al\u00f3 que &#8220;seguir fortaleciendo nuestras exportaciones para hacer m\u00e1s fuertes nuestras reservas, es otra tarea que tenemos que seguir adelante&#8221;.<\/p>\n\n\n\n<p>El anuncio se enmarca dentro del Programa de Fortalecimiento de la Actividad Econ\u00f3mica y del Ingreso destinado a las industrias, en el que tambi\u00e9n se ampliar\u00e1 la l\u00ednea de cr\u00e9dito a las empresas y se incrementar\u00e1 la bonificaci\u00f3n de tasa para la&nbsp;l\u00ednea CreAr, y el sistema de Legajo \u00danico Financiero, para mejorar acceso al cr\u00e9dito de las PyMES.<\/p>\n\n\n\n<p><strong>Anuncios de Sergio Massa<\/strong><\/p>\n\n\n\n<p>M\u00e1s temprano, el ministro&nbsp;anunci\u00f3 una&nbsp;l\u00ednea de cr\u00e9ditos para los trabajadores, con el objetivo de fortalecer el consumo y amortiguar el impacto de la inflaci\u00f3n. Adem\u00e1s, instrumentar\u00e1 un&nbsp;alivio fiscal&nbsp;y&nbsp;pr\u00e9stamos&nbsp;para&nbsp;monotributistas&nbsp;por hasta $4 millones.<\/p>\n\n\n\n<figure class=\"wp-block-image\"><a href=\"https:\/\/www.radiosudamericana.com\/notix\/multimedia\/imagenes\/fotos\/2023-08-27\/994272.jpg\"><img decoding=\"async\" src=\"https:\/\/www.radiosudamericana.com\/notix\/multimedia\/imagenes\/fotos\/2023-08-27\/994272.jpg_nota.jpg\" alt=\"\"\/><\/a><\/figure>\n\n\n\n<p>Las medidas buscan corregir el impacto que gener\u00f3 en los trabajadores la&nbsp;devaluaci\u00f3n del 22%&nbsp;dispuesta por el&nbsp;Banco Central&nbsp;a pedido del&nbsp;FMI,&nbsp;luego del salto del d\u00f3lar blue a ra\u00edz del resultado de las PASO.<\/p>\n\n\n\n<p>Adem\u00e1s de la asistencia para los trabajadores, se implementaron alivios para&nbsp;jubilados, pensionados, beneficiarios de AUH,&nbsp;tarjeta Alimentar, peque\u00f1as y medianas empresas, industrias y&nbsp;econom\u00edas regionales.<\/p>\n\n\n\n<p>La bater\u00eda de medidas comenz\u00f3 d\u00edas atr\u00e1s con la puesta en marcha de un nuevo&nbsp;acuerdo de precios con 425 empresas por 90 d\u00edas, que habilitar\u00e1 a las empresas a limitar sus incrementos hasta el 5% mensual.<\/p>\n\n\n\n<p>A su vez, se concret\u00f3 un nuevo entendimiento con las principales petroleras que operan en el pa\u00eds para congelar los valores de los combustibles\u00a0en los surtidores hasta el 31 de octubre. El objetivo es evitar el traslado a precios de la devaluaci\u00f3n.<\/p>\n\n\n\n<p><\/p>\n","protected":false},"excerpt":{"rendered":"<p>El ministro y candidato de Uni\u00f3n por la Patria dio a conocer la puesta en marcha de un programa de fomento del comercio exterior. El ministro de Econom\u00eda,&nbsp;Sergio Massa, anunci\u00f3&hellip; <\/p>\n","protected":false},"author":6,"featured_media":83424,"comment_status":"closed","ping_status":"open","sticky":false,"template":"","format":"standard","meta":{"footnotes":""},"categories":[20],"tags":[],"class_list":["post-83423","post","type-post","status-publish","format-standard","has-post-thumbnail","hentry","category-economia"],"_links":{"self":[{"href":"https:\/\/corrientesdetarde.com\/index.php\/wp-json\/wp\/v2\/posts\/83423","targetHints":{"allow":["GET"]}}],"collection":[{"href":"https:\/\/corrientesdetarde.com\/index.php\/wp-json\/wp\/v2\/posts"}],"about":[{"href":"https:\/\/corrientesdetarde.com\/index.php\/wp-json\/wp\/v2\/types\/post"}],"author":[{"embeddable":true,"href":"https:\/\/corrientesdetarde.com\/index.php\/wp-json\/wp\/v2\/users\/6"}],"replies":[{"embeddable":true,"href":"https:\/\/corrientesdetarde.com\/index.php\/wp-json\/wp\/v2\/comments?post=83423"}],"version-history":[{"count":1,"href":"https:\/\/corrientesdetarde.com\/index.php\/wp-json\/wp\/v2\/posts\/83423\/revisions"}],"predecessor-version":[{"id":83425,"href":"https:\/\/corrientesdetarde.com\/index.php\/wp-json\/wp\/v2\/posts\/83423\/revisions\/83425"}],"wp:featuredmedia":[{"embeddable":true,"href":"https:\/\/corrientesdetarde.com\/index.php\/wp-json\/wp\/v2\/media\/83424"}],"wp:attachment":[{"href":"https:\/\/corrientesdetarde.com\/index.php\/wp-json\/wp\/v2\/media?parent=83423"}],"wp:term":[{"taxonomy":"category","embeddable":true,"href":"https:\/\/corrientesdetarde.com\/index.php\/wp-json\/wp\/v2\/categories?post=83423"},{"taxonomy":"post_tag","embeddable":true,"href":"https:\/\/corrientesdetarde.com\/index.php\/wp-json\/wp\/v2\/tags?post=83423"}],"curies":[{"name":"wp","href":"https:\/\/api.w.org\/{rel}","templated":true}]}}