{"id":83426,"date":"2023-08-27T19:45:06","date_gmt":"2023-08-27T22:45:06","guid":{"rendered":"https:\/\/corrientesdetarde.com\/?p=83426"},"modified":"2023-08-27T19:45:12","modified_gmt":"2023-08-27T22:45:12","slug":"un-correntino-se-consagro-mejor-cebador-de-mate-del-pais","status":"publish","type":"post","link":"https:\/\/corrientesdetarde.com\/index.php\/informacion-general\/un-correntino-se-consagro-mejor-cebador-de-mate-del-pais\/","title":{"rendered":"Un correntino se consagr\u00f3 mejor cebador de mate del pa\u00eds."},"content":{"rendered":"\n<h2 class=\"wp-block-heading\">En la feria Matear, Ram\u00f3n, oriundo de Virasoro fue elegido entre numerosos competidores como el m\u00e1s habilidoso al momento de cebar y armar una ronda matera.<\/h2>\n\n\n\n<p>En la quinta edici\u00f3n de la feria &#8220;Matear&#8221; que se llev\u00f3 a cabo en el barrio porte\u00f1o de Palermo, dos bonaerenses y un correntino se destacaron como los mejores cebadores de mate en el pa\u00eds. Este concurso, organizado por el Instituto Nacional de la Yerba Mate (INYM), se realiz\u00f3 en el predio de La Rural y atrajo a cientos de asistentes que deseaban celebrar la tradici\u00f3n argentina.<\/p>\n\n\n\n<p>Los participantes del concurso tuvieron que seguir una serie de pasos precisos para lograr el mate perfecto. Utilizando yerba de alta calidad, manteniendo el agua a una temperatura entre 75 y 80 grados, dejando la bombilla quieta y asegurando una pared de yerba seca e intacta, demostraron sus habilidades en la ceremonia de cebado.<\/p>\n\n\n\n<p>La competencia se desarroll\u00f3 en el escenario principal del Sal\u00f3n Ocre, donde los competidores, vestidos con pecheras verdes, mostraron su destreza en la elaboraci\u00f3n del mate. Las reglas eran claras: una vez que se daba inicio con el sonido de un cencerro, no se pod\u00eda tocar ni mover la bombilla, y durante el transcurso del torneo no se permit\u00eda agregar ni sacar yerba.<\/p>\n\n\n\n<p>Los jueces seleccionaron a los tres mejores cebadores. El primer puesto fue para Horacio, de Las Flores, provincia de Buenos Aires, quien se destac\u00f3 por mantener un mate prolijo durante todo el proceso de cebado, manteniendo el copete del mate seco. El segundo lugar lo obtuvo Ram\u00f3n, un correntino de Virasoro, mientras que el tercer puesto fue para V\u00edctor, oriundo de Los Polvorines, en el partido de Malvinas Argentinas, provincia de Buenos Aires.<\/p>\n\n\n\n<p>La feria &#8220;Matear&#8221; celebr\u00f3 la rica tradici\u00f3n argentina del mate y reuni\u00f3 a m\u00e1s de 50 marcas de yerba mate en un solo lugar. Adem\u00e1s de la competencia de cebado, la feria ofreci\u00f3 una amplia gama de productos relacionados con el mate, como accesorios, mates de diferentes tipos, colores y tama\u00f1os, as\u00ed como curiosidades como termos que se calientan directamente y mates el\u00e9ctricos que mantienen la temperatura de la yerba.<\/p>\n\n\n\n<p>La propuesta cont\u00f3 con espacios como el Patio Matero, donde los asistentes pod\u00edan disfrutar de un mate con amigos y familia, una estaci\u00f3n de agua, degustaciones de distintos tipos y la zona &#8220;Mate Kids&#8221;, pensada para los m\u00e1s peque\u00f1os con actividades l\u00fadicas.<\/p>\n\n\n\n<p><\/p>\n","protected":false},"excerpt":{"rendered":"<p>En la feria Matear, Ram\u00f3n, oriundo de Virasoro fue elegido entre numerosos competidores como el m\u00e1s habilidoso al momento de cebar y armar una ronda matera. En la quinta edici\u00f3n&hellip; <\/p>\n","protected":false},"author":6,"featured_media":83433,"comment_status":"closed","ping_status":"open","sticky":false,"template":"","format":"standard","meta":{"footnotes":""},"categories":[1],"tags":[],"class_list":["post-83426","post","type-post","status-publish","format-standard","has-post-thumbnail","hentry","category-informacion-general"],"_links":{"self":[{"href":"https:\/\/corrientesdetarde.com\/index.php\/wp-json\/wp\/v2\/posts\/83426","targetHints":{"allow":["GET"]}}],"collection":[{"href":"https:\/\/corrientesdetarde.com\/index.php\/wp-json\/wp\/v2\/posts"}],"about":[{"href":"https:\/\/corrientesdetarde.com\/index.php\/wp-json\/wp\/v2\/types\/post"}],"author":[{"embeddable":true,"href":"https:\/\/corrientesdetarde.com\/index.php\/wp-json\/wp\/v2\/users\/6"}],"replies":[{"embeddable":true,"href":"https:\/\/corrientesdetarde.com\/index.php\/wp-json\/wp\/v2\/comments?post=83426"}],"version-history":[{"count":1,"href":"https:\/\/corrientesdetarde.com\/index.php\/wp-json\/wp\/v2\/posts\/83426\/revisions"}],"predecessor-version":[{"id":83434,"href":"https:\/\/corrientesdetarde.com\/index.php\/wp-json\/wp\/v2\/posts\/83426\/revisions\/83434"}],"wp:featuredmedia":[{"embeddable":true,"href":"https:\/\/corrientesdetarde.com\/index.php\/wp-json\/wp\/v2\/media\/83433"}],"wp:attachment":[{"href":"https:\/\/corrientesdetarde.com\/index.php\/wp-json\/wp\/v2\/media?parent=83426"}],"wp:term":[{"taxonomy":"category","embeddable":true,"href":"https:\/\/corrientesdetarde.com\/index.php\/wp-json\/wp\/v2\/categories?post=83426"},{"taxonomy":"post_tag","embeddable":true,"href":"https:\/\/corrientesdetarde.com\/index.php\/wp-json\/wp\/v2\/tags?post=83426"}],"curies":[{"name":"wp","href":"https:\/\/api.w.org\/{rel}","templated":true}]}}