{"id":83427,"date":"2023-08-27T19:24:43","date_gmt":"2023-08-27T22:24:43","guid":{"rendered":"https:\/\/corrientesdetarde.com\/?p=83427"},"modified":"2023-08-27T19:24:56","modified_gmt":"2023-08-27T22:24:56","slug":"monotributo-cuales-son-las-categorias-que-dejaran-de-pagar-la-carga-impositiva-y-por-cuanto-tiempo","status":"publish","type":"post","link":"https:\/\/corrientesdetarde.com\/index.php\/economia\/monotributo-cuales-son-las-categorias-que-dejaran-de-pagar-la-carga-impositiva-y-por-cuanto-tiempo\/","title":{"rendered":"Monotributo: cu\u00e1les son las categor\u00edas que dejar\u00e1n de pagar la carga impositiva y por cu\u00e1nto tiempo."},"content":{"rendered":"\n<h2 class=\"wp-block-heading\">El ministro de Econom\u00eda, Sergio Massa, anunci\u00f3 una serie de medidas para aliviar a los monotributistas tras el impacto de la devaluaci\u00f3n pos PASO. Los detalles.<\/h2>\n\n\n\n<p>Entre las\u00a0medidas para intentar reducir la devaluaci\u00f3n, el ministro de Econom\u00eda,<strong>\u00a0Sergio Massa<\/strong>, anunci\u00f3 este domingo un\u00a0<strong>alivio para los monotributistas:\u00a0<\/strong>las categor\u00edas A, B, C y D van a\u00a0<strong>dejar de pagar el componente impositivo<\/strong>\u00a0por<strong>\u00a0seis meses.<\/strong><\/p>\n\n\n\n<p>Adem\u00e1s, el titular del Palacio de Hacienda dijo que todos los monotributistas van a poder \u201ctener acceso a un<strong>&nbsp;programa de cr\u00e9dito<\/strong>&nbsp;con garant\u00eda del Estado al 100% por<strong>&nbsp;hasta $4 millones para sus actividades econ\u00f3micas\u201d.<\/strong><\/p>\n\n\n\n<p>\u201cEn paralelo, ponemos en marcha el<strong>&nbsp;monotributo productivo<\/strong>&nbsp;para aquellos que, a lo mejor tienen en su econom\u00eda en negro la posibilidad de blanquearse, tenga la oportunidad de acceder a estos beneficios\u201d, agreg\u00f3.<\/p>\n\n\n\n<h2 class=\"wp-block-heading\">Monotributo: cu\u00e1les son las categor\u00edas que dejar\u00e1n de pagar impuestos y por cu\u00e1nto tiempo<\/h2>\n\n\n\n<p>De acuerdo al anuncio del Gobierno, las categor\u00edas que dejan de pagar impuestos son:<\/p>\n\n\n\n<ul class=\"wp-block-list\"><li>Categor\u00eda&nbsp;<strong>A, B, C y D: no pagar\u00e1n&nbsp;<\/strong>el componente impositivo del monotributo&nbsp;<strong>por seis meses.<\/strong><\/li><li>Categor\u00eda&nbsp;<strong>E, F, G, H, I y K<\/strong>: deber\u00e1n abonar el componente tributario que le corresponda seg\u00fan la escala.<\/li><\/ul>\n\n\n\n<h2 class=\"wp-block-heading\">Monotributo 2023: c\u00f3mo quedaron las escalas de facturaci\u00f3n desde julio de 2023<\/h2>\n\n\n\n<p>Con el aumento del<strong>&nbsp;41,5%<\/strong>&nbsp;en los topes de facturaci\u00f3n anual,<strong>&nbsp;desde el 1\u00b0 de julio<\/strong>, las escalas del Monotributo son las siguientes:<\/p>\n\n\n\n<ul class=\"wp-block-list\"><li><strong>Categor\u00eda A<\/strong>:&nbsp;<strong>$1.414.762,58 ($116.000 por mes).<\/strong><\/li><li><strong>Categor\u00eda B<\/strong>:&nbsp;<strong>$2.103.025,45;<\/strong><\/li><li><strong>Categor\u00eda C:<\/strong>&nbsp;<strong>$2.944.235,60;<\/strong><\/li><li><strong>Categor\u00eda D:<\/strong>&nbsp;<strong>$3.656.604,33;<\/strong><\/li><li><strong>Categor\u00eda E<\/strong>:&nbsp;<strong>$4.305.799,15;<\/strong><\/li><li><strong>Categor\u00eda F<\/strong>:&nbsp;<strong>$5.382.248,94;<\/strong><\/li><li><strong>Categor\u00eda G<\/strong>:&nbsp;<strong>$6.458.698,71;<\/strong><\/li><li><strong>Categor\u00eda H<\/strong>:&nbsp;<strong>$7.996.484,11;<\/strong><\/li><li><strong>Categor\u00eda I<\/strong>:&nbsp;<strong>$8.949.911,06;<\/strong><\/li><li><strong>Categor\u00eda J<\/strong>:&nbsp;<strong>$10.257.028,68;<\/strong><\/li><li><strong>Categor\u00eda K<\/strong>:&nbsp;<strong>$11.379.612,01.<\/strong><\/li><\/ul>\n\n\n\n<figure class=\"wp-block-image\"><img decoding=\"async\" src=\"https:\/\/tn.com.ar\/resizer\/zq1Mr_9z6N5hCeki3xwW38f3dB8=\/767x0\/smart\/filters:format(webp)\/cloudfront-us-east-1.images.arcpublishing.com\/artear\/Y5DI6EH27RHIJE65IRUMNWNQHM.JPG\" alt=\"Las categor\u00edas del Monotributo y el nuevo tope de facturaci\u00f3n de cada una a partir de julio de 2023. (Foto: AFIP)\"\/><figcaption>Las categor\u00edas del Monotributo y el nuevo tope de facturaci\u00f3n de cada una a partir de julio de 2023. (Foto: AFIP)<\/figcaption><\/figure>\n\n\n\n<h2 class=\"wp-block-heading\">Monotributo 2023: cu\u00e1les son las cuotas mensuales que rigen desde julio<\/h2>\n\n\n\n<ul class=\"wp-block-list\"><li><strong>Categor\u00eda A<\/strong>:&nbsp;<strong>$5750,75,&nbsp;<\/strong>tanto los que venden bienes y como los que ofrecen servicios.<\/li><li><strong>Categor\u00eda B<\/strong>:&nbsp;<strong>$6430,38&nbsp;<\/strong>para todos los peque\u00f1os contribuyentes de esta escala.<\/li><li><strong>Categor\u00eda C<\/strong>:&nbsp;<strong>$7351,10&nbsp;<\/strong>para servicios y $7226,83 para<strong>&nbsp;la venta de productos.<\/strong><\/li><li><strong>Categor\u00eda D<\/strong>:&nbsp;<strong>$9245,06&nbsp;<\/strong>para<strong>&nbsp;servicios<\/strong>&nbsp;y&nbsp;<strong>$9040,47&nbsp;<\/strong>los que venden&nbsp;<strong>productos.<\/strong><\/li><li><strong>Categor\u00eda E<\/strong>:&nbsp;<strong>$12.776,61&nbsp;<\/strong>(servicios) y&nbsp;<strong>$11.629,37<\/strong>&nbsp;venta de cosas muebles.<\/li><li><strong>Categor\u00eda F<\/strong>:&nbsp;<strong>$15.712,40<\/strong>&nbsp;para los servicios y para los que venden productos, $13,856,32.<\/li><li><strong>Categor\u00eda G<\/strong>:&nbsp;<strong>$18,347,44&nbsp;<\/strong>para servicios y<strong>&nbsp;$15.855,59&nbsp;<\/strong>para los&nbsp;<strong>productos.<\/strong><\/li><\/ul>\n\n\n\n<ul class=\"wp-block-list\"><li><strong>Categor\u00eda H<\/strong>: para servicios (la \u00faltima escala permitida)\u00a0<strong>$31.347,16.\u00a0<\/strong>Mientras, los que\u00a0<strong>venden bienes, $26,743,66.<\/strong><\/li><li><strong>Categor\u00eda I<\/strong>: La cuota mensual ser\u00e1 de\u00a0<strong>$38.464,47.<\/strong><\/li><li><strong>Categor\u00eda J<\/strong>: Ser\u00e1 de\u00a0<strong>$44.390,28 por mes.<\/strong><\/li><li><strong>Categor\u00eda K<\/strong>: La cuota mensual queda en\u00a0<strong>$50.717,92<\/strong>.<\/li><\/ul>\n\n\n\n<p><em>Fuente: Todo Noticias.<\/em><\/p>\n","protected":false},"excerpt":{"rendered":"<p>El ministro de Econom\u00eda, Sergio Massa, anunci\u00f3 una serie de medidas para aliviar a los monotributistas tras el impacto de la devaluaci\u00f3n pos PASO. Los detalles. Entre las\u00a0medidas para intentar&hellip; <\/p>\n","protected":false},"author":6,"featured_media":83431,"comment_status":"closed","ping_status":"open","sticky":false,"template":"","format":"standard","meta":{"footnotes":""},"categories":[20],"tags":[],"class_list":["post-83427","post","type-post","status-publish","format-standard","has-post-thumbnail","hentry","category-economia"],"_links":{"self":[{"href":"https:\/\/corrientesdetarde.com\/index.php\/wp-json\/wp\/v2\/posts\/83427","targetHints":{"allow":["GET"]}}],"collection":[{"href":"https:\/\/corrientesdetarde.com\/index.php\/wp-json\/wp\/v2\/posts"}],"about":[{"href":"https:\/\/corrientesdetarde.com\/index.php\/wp-json\/wp\/v2\/types\/post"}],"author":[{"embeddable":true,"href":"https:\/\/corrientesdetarde.com\/index.php\/wp-json\/wp\/v2\/users\/6"}],"replies":[{"embeddable":true,"href":"https:\/\/corrientesdetarde.com\/index.php\/wp-json\/wp\/v2\/comments?post=83427"}],"version-history":[{"count":1,"href":"https:\/\/corrientesdetarde.com\/index.php\/wp-json\/wp\/v2\/posts\/83427\/revisions"}],"predecessor-version":[{"id":83432,"href":"https:\/\/corrientesdetarde.com\/index.php\/wp-json\/wp\/v2\/posts\/83427\/revisions\/83432"}],"wp:featuredmedia":[{"embeddable":true,"href":"https:\/\/corrientesdetarde.com\/index.php\/wp-json\/wp\/v2\/media\/83431"}],"wp:attachment":[{"href":"https:\/\/corrientesdetarde.com\/index.php\/wp-json\/wp\/v2\/media?parent=83427"}],"wp:term":[{"taxonomy":"category","embeddable":true,"href":"https:\/\/corrientesdetarde.com\/index.php\/wp-json\/wp\/v2\/categories?post=83427"},{"taxonomy":"post_tag","embeddable":true,"href":"https:\/\/corrientesdetarde.com\/index.php\/wp-json\/wp\/v2\/tags?post=83427"}],"curies":[{"name":"wp","href":"https:\/\/api.w.org\/{rel}","templated":true}]}}