{"id":83435,"date":"2023-08-27T20:45:22","date_gmt":"2023-08-27T23:45:22","guid":{"rendered":"https:\/\/corrientesdetarde.com\/?p=83435"},"modified":"2023-08-27T20:45:34","modified_gmt":"2023-08-27T23:45:34","slug":"marcela-acuna-pidio-la-libertad-de-emerenciano-sena-y-denuncio-torturas-y-hostigamiento","status":"publish","type":"post","link":"https:\/\/corrientesdetarde.com\/index.php\/crimen-y-justicia\/marcela-acuna-pidio-la-libertad-de-emerenciano-sena-y-denuncio-torturas-y-hostigamiento\/","title":{"rendered":"Marcela Acu\u00f1a pidi\u00f3 la libertad de Emerenciano Sena y denunci\u00f3 \u201ctorturas y hostigamiento\u201d."},"content":{"rendered":"\n<h2 class=\"wp-block-heading\">La madre de C\u00e9sar Sena asegur\u00f3 que a su esposo \u201clo tienen abandonado\u201d. Adem\u00e1s, dijo que la fiscal\u00eda 4 de Resistencia desarrolla \u201cun sistema punitivo encubierto\u201d.<\/h2>\n\n\n\n<p><strong>Marcela Acu\u00f1a<\/strong>, procesada con prisi\u00f3n preventiva junto a su esposo Emerenciano Sena y su hijo C\u00e9sar por el <strong>femicidio de Cecilia Strzyzowski<\/strong>, desaparecida desde el 2 de junio en Resistencia, pidi\u00f3 a trav\u00e9s de<strong>\u00a0una nueva carta<\/strong>\u00a0la libertad para su pareja y denunci\u00f3 \u201ctorturas y hostigamiento\u201d hacia los siete detenidos en la causa por parte de la fiscal\u00eda.<\/p>\n\n\n\n<p>\u201cLibertad ya a Emerenciano Sena,<strong>&nbsp;basta de torturas y hostigamientos<\/strong>&nbsp;a los detenidos por esta causa \u2018Cecilia\u2019. Pido justicia para todos\u201d, escribi\u00f3 en su misiva Acu\u00f1a, quien se encuentra detenida acusada del delito de \u201chomicidio triplemente agravado por el v\u00ednculo, por femicidio y por el concurso premeditado de dos o m\u00e1s personas\u201d.<\/p>\n\n\n\n<p>Adem\u00e1s, calific\u00f3 a su marido como&nbsp;<strong>\u201cel mayor exponente hist\u00f3rico en los \u201890 en el sector piquetero<\/strong>&nbsp;y hoy el mayor exponente de la impunidad de la justicia chaque\u00f1a\u201d, al considerar que se encuentra \u201csecuestrado\u201d solo por ser \u00e9l.<\/p>\n\n\n\n<figure class=\"wp-block-image\"><img decoding=\"async\" src=\"https:\/\/tn.com.ar\/resizer\/3T6zv9GDot28TAMxn1CMpmZMB-o=\/767x0\/smart\/filters:format(webp)\/cloudfront-us-east-1.images.arcpublishing.com\/artear\/TPLBZWA5EFAUDIWGE7B2BF7T3M.jpg\" alt=\"Cecilia Strzyzowski y C\u00e9sar Sena se conocieron en 2021.\"\/><figcaption>Cecilia Strzyzowski y C\u00e9sar Sena se conocieron en 2021.<\/figcaption><\/figure>\n\n\n\n<p>\u201cEl s\u00edmbolo de Emerenciano privado de libertad es el mensaje que se instalan para los sectores pobres\u201d, remarc\u00f3. En este sentido, afirm\u00f3: \u201c<strong>Lo tienen abandonado<\/strong>&nbsp;a Emerenciano siendo un hombre de 60 a\u00f1os con patolog\u00edas complejas de salud (colon, diabetes, pulmones producto del COVID-19 que atraves\u00f3)\u201d.<\/p>\n\n\n\n<p>Acu\u00f1a, madre de C\u00e9sar Sena, principal acusado del femicidio de su pareja, apunt\u00f3 contra la Fiscal\u00eda 4 de Resistencia: \u201cDonde no tuvimos nunca la presunci\u00f3n de inocencia, y donde se utiliz\u00f3 y se sigue utilizando<strong>&nbsp;m\u00e9todos de torturas,<\/strong>&nbsp;no solamente para \u2018castigar\u2019 sino para llegar a alguna informaci\u00f3n, considerando que sobre todo Emerenciano est\u00e1 preso sin pruebas\u201d, se\u00f1al\u00f3.<\/p>\n\n\n\n<p>\u201c\u00bf<strong>Es un sistema punitivo encubierto&nbsp;<\/strong>d\u00f3nde los hostigamientos y las torturas son parte del proceso acusatorio de la Fiscalia 4?\u201d, se pregunt\u00f3, en relaci\u00f3n a los fiscales de la causa, Jorge G\u00f3mez, Jorge C\u00e1ceres Olivera y Nelia Vel\u00e1zquez, quienes conforman el Equipo Fiscal Especial (EFE).<\/p>\n\n\n\n<p>En su carta, escrita en una de las celdas de la Comisar\u00eda Sexta de Resistencia, se\u00f1al\u00f3 que la detenci\u00f3n de su esposo \u201c<strong>es una especie de venganza&nbsp;<\/strong>por ser qui\u00e9n es y por lo que representa, por el animarnos a pisar las calles y rutas para reclamar derechos postergados\u201d.<\/p>\n\n\n\n<p>Por \u00faltimo, la exprecandidata a intendenta de Resistencia pidi\u00f3 \u201c<strong>que se haga realmente justicia,<\/strong>&nbsp;y que se respete en serio los derechos humanos en el sentido pleno de su significado\u201d. Marcela, junto a su marido Emerenciano, fueron procesados con prisi\u00f3n preventiva el pasado 4 de agosto por el juez de Garant\u00edas H\u00e9ctor Sandoval.<\/p>\n\n\n\n<p><\/p>\n\n\n\n<p><em>Fuente: Todo Noticias.<\/em><\/p>\n","protected":false},"excerpt":{"rendered":"<p>La madre de C\u00e9sar Sena asegur\u00f3 que a su esposo \u201clo tienen abandonado\u201d. Adem\u00e1s, dijo que la fiscal\u00eda 4 de Resistencia desarrolla \u201cun sistema punitivo encubierto\u201d. Marcela Acu\u00f1a, procesada con&hellip; <\/p>\n","protected":false},"author":6,"featured_media":83442,"comment_status":"closed","ping_status":"open","sticky":false,"template":"","format":"standard","meta":{"footnotes":""},"categories":[5],"tags":[],"class_list":["post-83435","post","type-post","status-publish","format-standard","has-post-thumbnail","hentry","category-crimen-y-justicia"],"_links":{"self":[{"href":"https:\/\/corrientesdetarde.com\/index.php\/wp-json\/wp\/v2\/posts\/83435","targetHints":{"allow":["GET"]}}],"collection":[{"href":"https:\/\/corrientesdetarde.com\/index.php\/wp-json\/wp\/v2\/posts"}],"about":[{"href":"https:\/\/corrientesdetarde.com\/index.php\/wp-json\/wp\/v2\/types\/post"}],"author":[{"embeddable":true,"href":"https:\/\/corrientesdetarde.com\/index.php\/wp-json\/wp\/v2\/users\/6"}],"replies":[{"embeddable":true,"href":"https:\/\/corrientesdetarde.com\/index.php\/wp-json\/wp\/v2\/comments?post=83435"}],"version-history":[{"count":1,"href":"https:\/\/corrientesdetarde.com\/index.php\/wp-json\/wp\/v2\/posts\/83435\/revisions"}],"predecessor-version":[{"id":83443,"href":"https:\/\/corrientesdetarde.com\/index.php\/wp-json\/wp\/v2\/posts\/83435\/revisions\/83443"}],"wp:featuredmedia":[{"embeddable":true,"href":"https:\/\/corrientesdetarde.com\/index.php\/wp-json\/wp\/v2\/media\/83442"}],"wp:attachment":[{"href":"https:\/\/corrientesdetarde.com\/index.php\/wp-json\/wp\/v2\/media?parent=83435"}],"wp:term":[{"taxonomy":"category","embeddable":true,"href":"https:\/\/corrientesdetarde.com\/index.php\/wp-json\/wp\/v2\/categories?post=83435"},{"taxonomy":"post_tag","embeddable":true,"href":"https:\/\/corrientesdetarde.com\/index.php\/wp-json\/wp\/v2\/tags?post=83435"}],"curies":[{"name":"wp","href":"https:\/\/api.w.org\/{rel}","templated":true}]}}