{"id":83436,"date":"2023-08-27T20:32:05","date_gmt":"2023-08-27T23:32:05","guid":{"rendered":"https:\/\/corrientesdetarde.com\/?p=83436"},"modified":"2023-08-27T20:32:17","modified_gmt":"2023-08-27T23:32:17","slug":"milei-cruzo-a-massa-por-el-anuncio-de-las-medidas-economicas","status":"publish","type":"post","link":"https:\/\/corrientesdetarde.com\/index.php\/politica\/milei-cruzo-a-massa-por-el-anuncio-de-las-medidas-economicas\/","title":{"rendered":"Milei cruz\u00f3 a Massa por el anuncio de las medidas econ\u00f3micas."},"content":{"rendered":"\n<h2 class=\"wp-block-heading\">El candidato libertario asegur\u00f3 que los bonos para jubilados, suma fija y refuerzo en la tarjeta Alimentar que present\u00f3 este domingo el ministro de Econom\u00eda \u201cvolver\u00e1 a fallar\u201d porque es \u201chacer lo mismo de siempre\u201d.<\/h2>\n\n\n\n<p>Tras la\u00a0bater\u00eda de anuncios\u00a0que hizo este domingo el ministro de Econom\u00eda Sergio Massa, que incluyen bonos para jubilados, suma fija para privados y estatales y refuerzo en la tarjeta Alimentar, el candidato presidencial Javier Milei sali\u00f3 al cruce.<\/p>\n\n\n\n<p>\u201cNo se pueden esperar resultados distintos haciendo lo mismo de siempre. Otra vez keynesianismo modelo Ford T. Siempre falla y volver\u00e1 a fallar.<strong>&nbsp;El tema es el tiempo, esto es si estalla antes o despu\u00e9s de la elecci\u00f3n. Espero que m\u00e1s leones despierten as\u00ed quedan en off-side.<\/strong>&nbsp;VLLC (Viva la libertad carajo)\u201d, escribi\u00f3 en su cuenta de Twitter.<\/p>\n\n\n\n<h2 class=\"wp-block-heading\">Los anuncios de Sergio Massa<\/h2>\n\n\n\n<p>Durante toda la tarde del domingo, el ministro de Econom\u00eda y candidato del oficialismo, Sergio Massa, encaden\u00f3 anuncios de&nbsp;<strong>alivio econ\u00f3mico a trav\u00e9s de videos publicados en sus redes sociales.<\/strong><\/p>\n\n\n\n<p>El titular del Palacio de Hacienda indic\u00f3 que los beneficiarios de la<strong>&nbsp;Tarjeta Alimentar&nbsp;<\/strong>ydel programa<strong>&nbsp;Potenciar Trabajo<\/strong>&nbsp;percibir\u00e1n un refuerzo por dos meses. Adem\u00e1s, comunic\u00f3 que se otorgar\u00e1n cr\u00e9ditos de hasta $400.000 a pagar en 24, 36 o 48 cuotas y prefinanciaci\u00f3n para empresas exportadoras.<\/p>\n\n\n\n<p>Por otro lado, anunci\u00f3 una&nbsp;<strong>suma fija de $60.000 para los trabajadores formales e informales,&nbsp;<\/strong>que se pagar\u00e1 en dos cuotas en septiembre y octubre.<\/p>\n","protected":false},"excerpt":{"rendered":"<p>El candidato libertario asegur\u00f3 que los bonos para jubilados, suma fija y refuerzo en la tarjeta Alimentar que present\u00f3 este domingo el ministro de Econom\u00eda \u201cvolver\u00e1 a fallar\u201d porque es&hellip; <\/p>\n","protected":false},"author":6,"featured_media":83440,"comment_status":"closed","ping_status":"open","sticky":false,"template":"","format":"standard","meta":{"footnotes":""},"categories":[3],"tags":[],"class_list":["post-83436","post","type-post","status-publish","format-standard","has-post-thumbnail","hentry","category-politica"],"_links":{"self":[{"href":"https:\/\/corrientesdetarde.com\/index.php\/wp-json\/wp\/v2\/posts\/83436","targetHints":{"allow":["GET"]}}],"collection":[{"href":"https:\/\/corrientesdetarde.com\/index.php\/wp-json\/wp\/v2\/posts"}],"about":[{"href":"https:\/\/corrientesdetarde.com\/index.php\/wp-json\/wp\/v2\/types\/post"}],"author":[{"embeddable":true,"href":"https:\/\/corrientesdetarde.com\/index.php\/wp-json\/wp\/v2\/users\/6"}],"replies":[{"embeddable":true,"href":"https:\/\/corrientesdetarde.com\/index.php\/wp-json\/wp\/v2\/comments?post=83436"}],"version-history":[{"count":1,"href":"https:\/\/corrientesdetarde.com\/index.php\/wp-json\/wp\/v2\/posts\/83436\/revisions"}],"predecessor-version":[{"id":83441,"href":"https:\/\/corrientesdetarde.com\/index.php\/wp-json\/wp\/v2\/posts\/83436\/revisions\/83441"}],"wp:featuredmedia":[{"embeddable":true,"href":"https:\/\/corrientesdetarde.com\/index.php\/wp-json\/wp\/v2\/media\/83440"}],"wp:attachment":[{"href":"https:\/\/corrientesdetarde.com\/index.php\/wp-json\/wp\/v2\/media?parent=83436"}],"wp:term":[{"taxonomy":"category","embeddable":true,"href":"https:\/\/corrientesdetarde.com\/index.php\/wp-json\/wp\/v2\/categories?post=83436"},{"taxonomy":"post_tag","embeddable":true,"href":"https:\/\/corrientesdetarde.com\/index.php\/wp-json\/wp\/v2\/tags?post=83436"}],"curies":[{"name":"wp","href":"https:\/\/api.w.org\/{rel}","templated":true}]}}