{"id":83455,"date":"2023-08-27T23:56:38","date_gmt":"2023-08-28T02:56:38","guid":{"rendered":"https:\/\/corrientesdetarde.com\/?p=83455"},"modified":"2023-08-27T23:56:43","modified_gmt":"2023-08-28T02:56:43","slug":"celebracion-en-el-cierre-del-mes-de-la-ninez-con-juegos-regalos-y-chocolate","status":"publish","type":"post","link":"https:\/\/corrientesdetarde.com\/index.php\/sociales\/celebracion-en-el-cierre-del-mes-de-la-ninez-con-juegos-regalos-y-chocolate\/","title":{"rendered":"Celebraci\u00f3n en el cierre del Mes de la Ni\u00f1ez con juegos, regalos y chocolate"},"content":{"rendered":"\n<p><em>Con la idea de reunir a las familias, distintas \u00e1reas de la Municipalidad de Corrientes se dieron cita en el play\u00f3n del V\u00edctor Colas para brindar una tarde distinta a grandes y chicos.<\/em><\/p>\n\n\n\n<p>Desde las 16, el play\u00f3n de la delegaci\u00f3n barrial del V\u00edctor Colas recibi\u00f3 m\u00fasica, alegr\u00eda, regalos y un sinf\u00edn de propuestas l\u00fadicas para grandes y chicos en el marco del Mes de la Ni\u00f1ez.<\/p>\n\n\n\n<p>Con el prop\u00f3sito mantener y mejorar la unidad de los grupos familiares, el programa Fortaleciendo V\u00ednculos en Familia de la Secretar\u00eda de Desarrollo Humano, desembarc\u00f3 en el gran espacio verde del barrio. La masiva asistencia de los vecinos que se sumaron a esta propuesta inclusiva brindaron un marco de alegr\u00eda y disfrute.<\/p>\n\n\n\n<figure class=\"wp-block-image size-large\"><img loading=\"lazy\" decoding=\"async\" width=\"1024\" height=\"682\" src=\"https:\/\/corrientesdetarde.com\/wp-content\/uploads\/2023\/08\/image-740-1024x682.png\" alt=\"\" class=\"wp-image-83459\" srcset=\"https:\/\/corrientesdetarde.com\/wp-content\/uploads\/2023\/08\/image-740-1024x682.png 1024w, https:\/\/corrientesdetarde.com\/wp-content\/uploads\/2023\/08\/image-740-300x200.png 300w, https:\/\/corrientesdetarde.com\/wp-content\/uploads\/2023\/08\/image-740-768x512.png 768w, https:\/\/corrientesdetarde.com\/wp-content\/uploads\/2023\/08\/image-740.png 1280w\" sizes=\"auto, (max-width: 1024px) 100vw, 1024px\" \/><\/figure>\n\n\n\n<p>El subsecretario de la Familia, Horacio Javier Romero, destac\u00f3 sobre el evento que es la 12\u00ba actividad que se realiza para celebrar a los m\u00e1s peque\u00f1os.&nbsp;<\/p>\n\n\n\n<p>\u201cEn esta oportunidad, tenemos zumba, juegos recreativos, adultos mayores que vinieron con coreograf\u00edas infantiles y se presentaron n\u00fameros musicales de artistas solistas que son chicos de entre 8 y 11 a\u00f1os; tambi\u00e9n los emprendedores ofrecieron productos para regalar a los ni\u00f1os y nos acompa\u00f1aron los Dandys con golosinas para repartir\u201d, detall\u00f3. Adem\u00e1s, no faltaron en este encuentro barrial, las golosinas, los regalos y el tradicional chocolate.<\/p>\n\n\n\n<p>\u201cLo destacable es que todos vienen con su mam\u00e1, pap\u00e1, hermanos y hermanas, con sus abuelos, sus t\u00edas y t\u00edos y por ello estamos muy conformes porque la idea de reunir a la familia\u201d, agreg\u00f3 el subsecretario.<\/p>\n\n\n\n<p>Al hacer referencia a los eventos que se vienen, indic\u00f3 que est\u00e1n organizando distintas propuestas para septiembre, en el marco de la primavera y el D\u00eda del Estudiante. \u201cEn las familias, tenemos personas de distintas edades, entonces tratamos de ajustar las actividades para que todos participen y acompa\u00f1en, esa es la idea\u201d, grafic\u00f3.<\/p>\n\n\n\n<p>LA ALEGR\u00cdA DE LOS NI\u00d1OS<\/p>\n\n\n\n<p>Marisel, una vecina que vive frente al espacio verde en el que se desarroll\u00f3 la actividad destac\u00f3 que es \u201cmuy lindo ver a los chicos contentos con todo lo que se les ofrece, los t\u00edteres, los juguetes, los premios, la verdad que disfrutamos mucho viendo que son felices\u201d, dijo.\u00a0\u00a0<\/p>\n\n\n\n<figure class=\"wp-block-image size-large\"><img loading=\"lazy\" decoding=\"async\" width=\"1024\" height=\"682\" src=\"https:\/\/corrientesdetarde.com\/wp-content\/uploads\/2023\/08\/image-741-1024x682.png\" alt=\"\" class=\"wp-image-83460\" srcset=\"https:\/\/corrientesdetarde.com\/wp-content\/uploads\/2023\/08\/image-741-1024x682.png 1024w, https:\/\/corrientesdetarde.com\/wp-content\/uploads\/2023\/08\/image-741-300x200.png 300w, https:\/\/corrientesdetarde.com\/wp-content\/uploads\/2023\/08\/image-741-768x512.png 768w, https:\/\/corrientesdetarde.com\/wp-content\/uploads\/2023\/08\/image-741.png 1280w\" sizes=\"auto, (max-width: 1024px) 100vw, 1024px\" \/><\/figure>\n","protected":false},"excerpt":{"rendered":"<p>Con la idea de reunir a las familias, distintas \u00e1reas de la Municipalidad de Corrientes se dieron cita en el play\u00f3n del V\u00edctor Colas para brindar una tarde distinta a&hellip; <\/p>\n","protected":false},"author":1,"featured_media":83461,"comment_status":"closed","ping_status":"open","sticky":false,"template":"","format":"standard","meta":{"footnotes":""},"categories":[17],"tags":[],"class_list":["post-83455","post","type-post","status-publish","format-standard","has-post-thumbnail","hentry","category-sociales"],"_links":{"self":[{"href":"https:\/\/corrientesdetarde.com\/index.php\/wp-json\/wp\/v2\/posts\/83455","targetHints":{"allow":["GET"]}}],"collection":[{"href":"https:\/\/corrientesdetarde.com\/index.php\/wp-json\/wp\/v2\/posts"}],"about":[{"href":"https:\/\/corrientesdetarde.com\/index.php\/wp-json\/wp\/v2\/types\/post"}],"author":[{"embeddable":true,"href":"https:\/\/corrientesdetarde.com\/index.php\/wp-json\/wp\/v2\/users\/1"}],"replies":[{"embeddable":true,"href":"https:\/\/corrientesdetarde.com\/index.php\/wp-json\/wp\/v2\/comments?post=83455"}],"version-history":[{"count":1,"href":"https:\/\/corrientesdetarde.com\/index.php\/wp-json\/wp\/v2\/posts\/83455\/revisions"}],"predecessor-version":[{"id":83462,"href":"https:\/\/corrientesdetarde.com\/index.php\/wp-json\/wp\/v2\/posts\/83455\/revisions\/83462"}],"wp:featuredmedia":[{"embeddable":true,"href":"https:\/\/corrientesdetarde.com\/index.php\/wp-json\/wp\/v2\/media\/83461"}],"wp:attachment":[{"href":"https:\/\/corrientesdetarde.com\/index.php\/wp-json\/wp\/v2\/media?parent=83455"}],"wp:term":[{"taxonomy":"category","embeddable":true,"href":"https:\/\/corrientesdetarde.com\/index.php\/wp-json\/wp\/v2\/categories?post=83455"},{"taxonomy":"post_tag","embeddable":true,"href":"https:\/\/corrientesdetarde.com\/index.php\/wp-json\/wp\/v2\/tags?post=83455"}],"curies":[{"name":"wp","href":"https:\/\/api.w.org\/{rel}","templated":true}]}}