{"id":83464,"date":"2023-08-28T07:57:41","date_gmt":"2023-08-28T10:57:41","guid":{"rendered":"https:\/\/corrientesdetarde.com\/?p=83464"},"modified":"2023-08-28T07:57:53","modified_gmt":"2023-08-28T10:57:53","slug":"el-correntino-devecchi-amargo-a-boca-juniors","status":"publish","type":"post","link":"https:\/\/corrientesdetarde.com\/index.php\/deportes\/el-correntino-devecchi-amargo-a-boca-juniors\/","title":{"rendered":"El correntino Devecchi amarg\u00f3 a Boca Juniors"},"content":{"rendered":"\n<p>Por la segunda fecha de la Copa de la Liga Profesional, Sarmiento de Jun\u00edn logr\u00f3 una gran victoria en el estadio &#8220;Eva Per\u00f3n&#8221; de la localidad bonaerense.<\/p>\n\n\n\n<p>Por la Zona 2, el elenco &#8220;verde&#8221; le gan\u00f3 a Boca Juniors por 1 a 0 con gol del defensor Gabriel D\u00edaz a los 23 minutos del primer tiempo. Sarmiento tuvo al arquero correntino Jos\u00e9 Devecchi como una de las grandes figuras. El portero formado en San Lorenzo de Almagro le contuvo un penal al delantero Dar\u00edo Benedetto a los 42 minutos del complemento.<\/p>\n\n\n\n<p>Luego del gran triunfo, Devecchi dej\u00f3 en claro que el objetivo de su equipo: &#8220;Tenemos un objetivo claro que es sumar para salvarnos del descenso y a medida que vaya pasando el campeonato y si empezamos a sacar buenos resultados seguramente iremos viendo otras cosas&#8221;, dijo el arquero en declaraciones televisivas.<\/p>\n\n\n\n<p>&#8220;Fue un poco de intuici\u00f3n, aunque con un amigo vimos algunos penales de Benedetto&#8221;, expres\u00f3 sobre el remate desde los 12 pasos que le contuvo al &#8220;pipa&#8221; a pocos minutos de culminar con el resultado 1 a 0 en favor de su equipo. Devecchi explic\u00f3 el penal en contra cobrado por el \u00e1rbitro Silvio Trucco tras la mano del defensor Juan Hern\u00e1ndez. &#8220;Justo la quiere cubrir y pica mal la pelota, aunque pens\u00e9 que lo hab\u00eda empujado el jugador de Boca, pero el \u00e1rbitro dijo que estaba revisado y que no hubo contacto&#8221;, concluy\u00f3.<\/p>\n\n\n<div class=\"wp-block-image\">\n<figure class=\"aligncenter size-full\"><img loading=\"lazy\" decoding=\"async\" width=\"762\" height=\"497\" src=\"https:\/\/corrientesdetarde.com\/wp-content\/uploads\/2023\/08\/image-743.png\" alt=\"\" class=\"wp-image-83469\" srcset=\"https:\/\/corrientesdetarde.com\/wp-content\/uploads\/2023\/08\/image-743.png 762w, https:\/\/corrientesdetarde.com\/wp-content\/uploads\/2023\/08\/image-743-300x196.png 300w\" sizes=\"auto, (max-width: 762px) 100vw, 762px\" \/><\/figure>\n<\/div>","protected":false},"excerpt":{"rendered":"<p>Por la segunda fecha de la Copa de la Liga Profesional, Sarmiento de Jun\u00edn logr\u00f3 una gran victoria en el estadio &#8220;Eva Per\u00f3n&#8221; de la localidad bonaerense. Por la Zona&hellip; <\/p>\n","protected":false},"author":1,"featured_media":83470,"comment_status":"closed","ping_status":"open","sticky":false,"template":"","format":"standard","meta":{"footnotes":""},"categories":[4],"tags":[],"class_list":["post-83464","post","type-post","status-publish","format-standard","has-post-thumbnail","hentry","category-deportes"],"_links":{"self":[{"href":"https:\/\/corrientesdetarde.com\/index.php\/wp-json\/wp\/v2\/posts\/83464","targetHints":{"allow":["GET"]}}],"collection":[{"href":"https:\/\/corrientesdetarde.com\/index.php\/wp-json\/wp\/v2\/posts"}],"about":[{"href":"https:\/\/corrientesdetarde.com\/index.php\/wp-json\/wp\/v2\/types\/post"}],"author":[{"embeddable":true,"href":"https:\/\/corrientesdetarde.com\/index.php\/wp-json\/wp\/v2\/users\/1"}],"replies":[{"embeddable":true,"href":"https:\/\/corrientesdetarde.com\/index.php\/wp-json\/wp\/v2\/comments?post=83464"}],"version-history":[{"count":1,"href":"https:\/\/corrientesdetarde.com\/index.php\/wp-json\/wp\/v2\/posts\/83464\/revisions"}],"predecessor-version":[{"id":83471,"href":"https:\/\/corrientesdetarde.com\/index.php\/wp-json\/wp\/v2\/posts\/83464\/revisions\/83471"}],"wp:featuredmedia":[{"embeddable":true,"href":"https:\/\/corrientesdetarde.com\/index.php\/wp-json\/wp\/v2\/media\/83470"}],"wp:attachment":[{"href":"https:\/\/corrientesdetarde.com\/index.php\/wp-json\/wp\/v2\/media?parent=83464"}],"wp:term":[{"taxonomy":"category","embeddable":true,"href":"https:\/\/corrientesdetarde.com\/index.php\/wp-json\/wp\/v2\/categories?post=83464"},{"taxonomy":"post_tag","embeddable":true,"href":"https:\/\/corrientesdetarde.com\/index.php\/wp-json\/wp\/v2\/tags?post=83464"}],"curies":[{"name":"wp","href":"https:\/\/api.w.org\/{rel}","templated":true}]}}