{"id":83465,"date":"2023-08-28T07:56:21","date_gmt":"2023-08-28T10:56:21","guid":{"rendered":"https:\/\/corrientesdetarde.com\/?p=83465"},"modified":"2023-08-28T07:56:24","modified_gmt":"2023-08-28T10:56:24","slug":"bandera-de-uruguay-historia-origen-y-significado","status":"publish","type":"post","link":"https:\/\/corrientesdetarde.com\/index.php\/informacion-general\/bandera-de-uruguay-historia-origen-y-significado\/","title":{"rendered":"Bandera de Uruguay: historia, origen y significado"},"content":{"rendered":"\n<p>La&nbsp;<strong>bandera de Uruguay<\/strong>&nbsp;se denomina oficialmente&nbsp;<strong>\u201cPabell\u00f3n Nacional\u201d<\/strong>. Fue adoptada por ley mediante la&nbsp;<strong>Asamblea General Constituyente y Legislativa<\/strong>&nbsp;del 18 de diciembre de 1828 y modificada por la misma instituci\u00f3n el 12 de julio de 1830.<\/p>\n\n\n\n<p>La ense\u00f1a consta de&nbsp;<strong>nueve franjas horizontales de igual tama\u00f1o: cuatro azules y cinco blancas alternadas. Adem\u00e1s cuenta con un cuadrado blanco en el sector superior izquierdo que incluye un Sol de Mayo que tiene diecis\u00e9is rayos: ocho rectos y ocho flam\u00edgeros<\/strong>.<\/p>\n\n\n\n<p>Las franjas representan a los nueve departamentos originales que conformaban el pa\u00eds al momento de su Independencia. Comparte estatus oficial con la&nbsp;<strong>Bandera de Artigas&nbsp;<\/strong>y la&nbsp;<strong>Bandera de los Treinta y Tres<\/strong>.&nbsp;<\/p>\n\n\n\n<h2 class=\"wp-block-heading\"><strong>La antigua bandera de Uruguay<\/strong><\/h2>\n\n\n\n<p>En 1828 se firm\u00f3 la&nbsp;<strong>\u201cConvenci\u00f3n Preliminar de Paz\u201d<\/strong>, documento por el cual se reconoci\u00f3 a Uruguay como pa\u00eds independiente. A partir de ese momento se fue organizando la pol\u00edtica de la Rep\u00fablica y se aprob\u00f3, por medio de un decreto, la creaci\u00f3n de la bandera. No se sabe bien qui\u00e9n la dise\u00f1\u00f3, pero&nbsp;<strong>en sus or\u00edgenes ten\u00eda nueve franjas celestes y blancas&nbsp;<\/strong>que representaban a los departamentos en los que estaba dividido el pa\u00eds luego de haber sido dominado por Espa\u00f1a, Portugal y Brasil.&nbsp;<\/p>\n\n\n\n<h2 class=\"wp-block-heading\"><strong>\u00bfQu\u00e9 representan los colores de la&nbsp;bandera&nbsp;de Uruguay?<\/strong><\/h2>\n\n\n\n<p><strong>Las cuatro franjas azules y cinco blancas representan el n\u00famero de departamentos en los que se divide el pa\u00eds<\/strong>. El sol representa al \u201c<strong>Sol de Mayo<\/strong>\u201d, el signo que se emplea para celebrar la Independencia del Virreinato del R\u00edo de la Plata de Espa\u00f1a, que se inici\u00f3 con la Revoluci\u00f3n de Mayo. El&nbsp;<strong>color blanco<\/strong>&nbsp;alude a la gloria, la alegr\u00eda, el perd\u00f3n, la inocencia y el amor. Tambi\u00e9n hace referencia al servicio a Dios y a la Naci\u00f3n. El&nbsp;<strong>azul<\/strong>&nbsp;se emplea para representar el espacio y el cielo inmaculado.<\/p>\n\n\n\n<h2 class=\"wp-block-heading\">\u00bfCu\u00e1ndo se conmemora el D\u00eda de la Bandera de Uruguay?<\/h2>\n\n\n\n<p>Cada\u00a0<strong>19 de junio<\/strong>\u00a0se celebra el<strong>\u00a0\u201cD\u00eda de la Bandera\u201d uruguaya\u00a0<\/strong>en homenaje al natalicio de Jos\u00e9 Gervasio Artigas, el gran pr\u00f3cer nacional uruguayo.<\/p>\n\n\n\n<figure class=\"wp-block-image size-full\"><img loading=\"lazy\" decoding=\"async\" width=\"500\" height=\"334\" src=\"https:\/\/corrientesdetarde.com\/wp-content\/uploads\/2023\/08\/image-742.png\" alt=\"\" class=\"wp-image-83466\" srcset=\"https:\/\/corrientesdetarde.com\/wp-content\/uploads\/2023\/08\/image-742.png 500w, https:\/\/corrientesdetarde.com\/wp-content\/uploads\/2023\/08\/image-742-300x200.png 300w\" sizes=\"auto, (max-width: 500px) 100vw, 500px\" \/><\/figure>\n","protected":false},"excerpt":{"rendered":"<p>La&nbsp;bandera de Uruguay&nbsp;se denomina oficialmente&nbsp;\u201cPabell\u00f3n Nacional\u201d. Fue adoptada por ley mediante la&nbsp;Asamblea General Constituyente y Legislativa&nbsp;del 18 de diciembre de 1828 y modificada por la misma instituci\u00f3n el 12 de&hellip; <\/p>\n","protected":false},"author":1,"featured_media":83467,"comment_status":"closed","ping_status":"open","sticky":false,"template":"","format":"standard","meta":{"footnotes":""},"categories":[1],"tags":[],"class_list":["post-83465","post","type-post","status-publish","format-standard","has-post-thumbnail","hentry","category-informacion-general"],"_links":{"self":[{"href":"https:\/\/corrientesdetarde.com\/index.php\/wp-json\/wp\/v2\/posts\/83465","targetHints":{"allow":["GET"]}}],"collection":[{"href":"https:\/\/corrientesdetarde.com\/index.php\/wp-json\/wp\/v2\/posts"}],"about":[{"href":"https:\/\/corrientesdetarde.com\/index.php\/wp-json\/wp\/v2\/types\/post"}],"author":[{"embeddable":true,"href":"https:\/\/corrientesdetarde.com\/index.php\/wp-json\/wp\/v2\/users\/1"}],"replies":[{"embeddable":true,"href":"https:\/\/corrientesdetarde.com\/index.php\/wp-json\/wp\/v2\/comments?post=83465"}],"version-history":[{"count":1,"href":"https:\/\/corrientesdetarde.com\/index.php\/wp-json\/wp\/v2\/posts\/83465\/revisions"}],"predecessor-version":[{"id":83468,"href":"https:\/\/corrientesdetarde.com\/index.php\/wp-json\/wp\/v2\/posts\/83465\/revisions\/83468"}],"wp:featuredmedia":[{"embeddable":true,"href":"https:\/\/corrientesdetarde.com\/index.php\/wp-json\/wp\/v2\/media\/83467"}],"wp:attachment":[{"href":"https:\/\/corrientesdetarde.com\/index.php\/wp-json\/wp\/v2\/media?parent=83465"}],"wp:term":[{"taxonomy":"category","embeddable":true,"href":"https:\/\/corrientesdetarde.com\/index.php\/wp-json\/wp\/v2\/categories?post=83465"},{"taxonomy":"post_tag","embeddable":true,"href":"https:\/\/corrientesdetarde.com\/index.php\/wp-json\/wp\/v2\/tags?post=83465"}],"curies":[{"name":"wp","href":"https:\/\/api.w.org\/{rel}","templated":true}]}}