{"id":83477,"date":"2023-08-28T08:02:51","date_gmt":"2023-08-28T11:02:51","guid":{"rendered":"https:\/\/corrientesdetarde.com\/?p=83477"},"modified":"2023-08-28T08:03:02","modified_gmt":"2023-08-28T11:03:02","slug":"fray-luis-beltran-el-experto-en-matematica-fisica-y-metalurgia-que-fabrico-las-armas-para-el-ejercito-de-san-martin","status":"publish","type":"post","link":"https:\/\/corrientesdetarde.com\/index.php\/informacion-general\/fray-luis-beltran-el-experto-en-matematica-fisica-y-metalurgia-que-fabrico-las-armas-para-el-ejercito-de-san-martin\/","title":{"rendered":"Fray Luis Beltr\u00e1n, el experto en matem\u00e1tica, f\u00edsica y metalurgia que fabric\u00f3 las armas para el ej\u00e9rcito de San Mart\u00edn"},"content":{"rendered":"\n<h2 class=\"wp-block-heading\">San Mart\u00edn mont\u00f3 una fabrica de armamento en Mendoza<\/h2>\n\n\n\n<p>San Mart\u00edn preparaba el ej\u00e9rcito que cruzar\u00eda los Andes para enfrentar a los realistas en Chile y Per\u00fa, pero necesitaba algo fundamental: armas. Y no recib\u00eda ayuda desde la capital de las Provincias Unidas. Nuestro pr\u00f3cer no quiso depender solo de Buenos Aires para la provisi\u00f3n de las armas y por eso mont\u00f3 una fragua o f\u00e1brica en el campamento del Plumerillo. Al frente de ella ubic\u00f3 al sacerdote sanjuanino Fray Luis Beltr\u00e1n, experto en matem\u00e1tica, f\u00edsica y metalurgia. De la fragua de Beltr\u00e1n salieron fusiles, sables, bayonetas, ca\u00f1ones y municiones con la asistencia de los habitantes de Cuyo. Pero\u2026 \u00bfQui\u00e9n era Luis Beltr\u00e1n?<\/p>\n\n\n\n<h2 class=\"wp-block-heading\">\u00bfQui\u00e9n era Luis Beltr\u00e1n?<\/h2>\n\n\n\n<p>Seg\u00fan las versi\u00f3nes m\u00e1s difundidas hab\u00eda nacido un 7 de septiembre de 1784 en Mendoza, aunque en su testamento (dictado al ingresar a la orden franciscana a los 16&nbsp;a\u00f1os de edad) declara ser oriundo de San Juan. El verdadero apellido de su familia era Bertrand pero fue anotado por error como \u201cBeltr\u00e1n\u201d.<\/p>\n\n\n\n<p>En el Convento de San Francisco en Mendoza comenz\u00f3 a estudiar y se interesaba por materias pr\u00e1cticas como la f\u00edsica y la mec\u00e1nica. Decidi\u00f3 seguir su vocaci\u00f3n religiosa y fue trasladado a Santiago de Chile, se orden\u00f3 sacerdote en 1805.<\/p>\n\n\n\n<p>Estando en la capital chilena en manos todav\u00eda de los espa\u00f1oles, estall\u00f3 la revoluci\u00f3n independentista en 1810, y Beltr\u00e1n la apoy\u00f3 en\u00e9rgicamente. En 1812 fue designado capell\u00e1n de las tropas independentistas comandadas por Carrera. Trabaj\u00f3 en la maestranza del ej\u00e9rcito con el grado militar de teniente. Estudi\u00f3 qu\u00edmica, matem\u00e1tica y mec\u00e1nica, ciencias que lleg\u00f3 a dominar ampliamente.<\/p>\n\n\n\n<h2 class=\"wp-block-heading\">Fray Luis Beltr\u00e1n regresa a Mendoza<\/h2>\n\n\n\n<p>Despu\u00e9s de la&nbsp;<a href=\"https:\/\/es.wikipedia.org\/wiki\/Batalla_de_Rancagua\">derrota de Rancagua<\/a>&nbsp;regres\u00f3 a Mendoza. Llevaba consigo sus herramientas de trabajo y la convicci\u00f3n de seguir peleando contra los enemigos de Am\u00e9rica. En la ciudad cuyana el general&nbsp;<a href=\"https:\/\/es.wikipedia.org\/wiki\/Jos%C3%A9_de_San_Mart%C3%ADn\">Jos\u00e9 de San Mart\u00edn<\/a>&nbsp;lo hizo jefe del parque de artiller\u00eda del&nbsp;<a href=\"https:\/\/es.wikipedia.org\/wiki\/Ej%C3%A9rcito_de_los_Andes\">Ej\u00e9rcito de los Andes<\/a>. Colabor\u00f3 con&nbsp;<a href=\"https:\/\/es.wikipedia.org\/wiki\/Jos%C3%A9_Antonio_%C3%81lvarez_Condarco\">Jos\u00e9 Antonio \u00c1lvarez Condarco<\/a>&nbsp;en la f\u00e1brica de p\u00f3lvora y lo suplant\u00f3 desde que aquel llevara a cabo una misi\u00f3n de espionaje en Chile.<\/p>\n\n\n\n<p>Mitre contaba de Beltr\u00e1n que: \u201cse hizo matem\u00e1tico, f\u00edsico y qu\u00edmico por intuici\u00f3n; artillero, pirot\u00e9cnico, carpintero, arquitecto, herrero, dibujante, cordonero, bordador y m\u00e9dico por la observaci\u00f3n y la pr\u00e1ctica, siendo entendido en todas las artes manuales y lo que no sab\u00eda lo aprend\u00eda con s\u00f3lo aplicar a ello sus extraordinarias facultades naturales\u201d.<\/p>\n\n\n\n<h2 class=\"wp-block-heading\">Fray Luis Beltr\u00e1n en el campamento de El Plumerillo<\/h2>\n\n\n\n<p>Fray Luis impuso en el campamento del Plumerillo un fren\u00e9tico ritmo de producci\u00f3n que abarcaba el d\u00eda y la noche. A sus \u00f3rdenes llegaron a trabajar hasta 700&nbsp;hombres que fabricaban de todo: desde monturas y zapatos hasta balas de ca\u00f1\u00f3n, fusiles, veh\u00edculos de transporte y granadas. Y tambi\u00e9n preparaba las piezas necesarias para poder vencer la cordillera: puentes colgantes, gr\u00faas, pontones para doblegar quebradas intransitables y abismos imposibles.<\/p>\n\n\n\n<p>Ya no quedaban campanas en las iglesias de la zona ni ollas en muchas casas. Todo era fundido en los talleres de Beltr\u00e1n.<\/p>\n\n\n\n<figure class=\"wp-block-image is-resized\"><img loading=\"lazy\" decoding=\"async\" src=\"https:\/\/billiken.lat\/wp-content\/uploads\/2021\/08\/Fray-Luis-Beltra%CC%81n1.jpg\" alt=\"\" class=\"wp-image-4856\" width=\"802\" height=\"536\"\/><\/figure>\n\n\n\n<p>San Mart\u00edn lo ascendi\u00f3 a Teniente Primero con el grado de Capit\u00e1n. Fray Luis tambi\u00e9n us\u00f3 las armas con muchas destreza y valent\u00eda, como lo atestigua el reconocimiento que recibi\u00f3 del gobierno de las Provincias Unidas a trav\u00e9s de una medalla por su actuaci\u00f3n en la memorable batalla de Chacabuco.<\/p>\n\n\n\n<h2 class=\"wp-block-heading\">Fray Luis Beltr\u00e1n prepara la expedici\u00f3n a Per\u00fa<\/h2>\n\n\n\n<p>Una vez independizado Chile (Fray Luis hizo los fuegos artificiales para el festejo), Beltr\u00e1n comenz\u00f3 los preparativos para la expedici\u00f3n al Per\u00fa y fue designado por San Mart\u00edn como Director de la maestranza del Ej\u00e9rcito Libertador. Entr\u00f3 en Lima junto al Libertador.<\/p>\n\n\n\n<p>Tras el retiro de San Mart\u00edn, Beltr\u00e1n sigui\u00f3 peleando a los \u00f3rdenes de Bol\u00edvar, pero tuvo un entredicho profundo con el venezolano, quien lo reprendi\u00f3 duramente y amenaz\u00f3 con fusilarlo.<\/p>\n\n\n\n<h2 class=\"wp-block-heading\">Fray Luis Beltr\u00e1n contra Sim\u00f3n Bolivar<\/h2>\n\n\n\n<p>Debido a este desaire, Luis Beltr\u00e1n intent\u00f3 atentar contra su vida, y aunque lograron salvarlo perdi\u00f3 la raz\u00f3n y estuvo enajenado por varios meses. Restablecido, viaj\u00f3 primero a Chile y luego a Buenos Aires donde se incorpor\u00f3 a la maestranza del ej\u00e9rcito que march\u00f3 a la&nbsp;Guerra del Brasil, y particip\u00f3 en el combate de Ituzaing\u00f3.<\/p>\n\n\n\n<p>Pero su estado f\u00edsico y espiritual se complicaban. Debi\u00f3 abandonar la campa\u00f1a y regresar a Buenos Aires, donde falleci\u00f3 el 8 de diciembre de 1827. A pesar de que llevaba once&nbsp;a\u00f1os de haber dejado de ser religioso, fue sepultado como franciscano, con el h\u00e1bito de su orden ya que antes de morir renunci\u00f3 a las armas y se encerr\u00f3 a hacer penitencia severa por varios d\u00edas.<\/p>\n","protected":false},"excerpt":{"rendered":"<p>San Mart\u00edn mont\u00f3 una fabrica de armamento en Mendoza San Mart\u00edn preparaba el ej\u00e9rcito que cruzar\u00eda los Andes para enfrentar a los realistas en Chile y Per\u00fa, pero necesitaba algo&hellip; <\/p>\n","protected":false},"author":1,"featured_media":83478,"comment_status":"closed","ping_status":"open","sticky":false,"template":"","format":"standard","meta":{"footnotes":""},"categories":[1],"tags":[],"class_list":["post-83477","post","type-post","status-publish","format-standard","has-post-thumbnail","hentry","category-informacion-general"],"_links":{"self":[{"href":"https:\/\/corrientesdetarde.com\/index.php\/wp-json\/wp\/v2\/posts\/83477","targetHints":{"allow":["GET"]}}],"collection":[{"href":"https:\/\/corrientesdetarde.com\/index.php\/wp-json\/wp\/v2\/posts"}],"about":[{"href":"https:\/\/corrientesdetarde.com\/index.php\/wp-json\/wp\/v2\/types\/post"}],"author":[{"embeddable":true,"href":"https:\/\/corrientesdetarde.com\/index.php\/wp-json\/wp\/v2\/users\/1"}],"replies":[{"embeddable":true,"href":"https:\/\/corrientesdetarde.com\/index.php\/wp-json\/wp\/v2\/comments?post=83477"}],"version-history":[{"count":1,"href":"https:\/\/corrientesdetarde.com\/index.php\/wp-json\/wp\/v2\/posts\/83477\/revisions"}],"predecessor-version":[{"id":83479,"href":"https:\/\/corrientesdetarde.com\/index.php\/wp-json\/wp\/v2\/posts\/83477\/revisions\/83479"}],"wp:featuredmedia":[{"embeddable":true,"href":"https:\/\/corrientesdetarde.com\/index.php\/wp-json\/wp\/v2\/media\/83478"}],"wp:attachment":[{"href":"https:\/\/corrientesdetarde.com\/index.php\/wp-json\/wp\/v2\/media?parent=83477"}],"wp:term":[{"taxonomy":"category","embeddable":true,"href":"https:\/\/corrientesdetarde.com\/index.php\/wp-json\/wp\/v2\/categories?post=83477"},{"taxonomy":"post_tag","embeddable":true,"href":"https:\/\/corrientesdetarde.com\/index.php\/wp-json\/wp\/v2\/tags?post=83477"}],"curies":[{"name":"wp","href":"https:\/\/api.w.org\/{rel}","templated":true}]}}